{"id":16417,"date":"2023-09-15T12:09:15","date_gmt":"2023-09-15T10:09:15","guid":{"rendered":"https:\/\/indeks.mk\/?p=16417"},"modified":"2023-09-15T12:09:15","modified_gmt":"2023-09-15T10:09:15","slug":"hapet-konkurs-per-pranimin-e-150-ushtareve-profesional-ne-maqedonine-e-veriut","status":"publish","type":"post","link":"https:\/\/indeks.bilten.mk\/?p=16417","title":{"rendered":"Hapet konkurs p\u00ebr pranimin e 150 ushtar\u00ebve profesional n\u00eb Maqedonin\u00eb e Veriut"},"content":{"rendered":"<p>Ministria e Mbrojtjes sot ka publikuar konkurs publik p\u00ebr pranimin e 150 ushtar\u00ebve profesionalist n\u00eb Ushtrin\u00eb e Republik\u00ebs s\u00eb Maqedonis\u00eb s\u00eb Veriut.<\/p>\n<p>Konkursi \u00ebsht\u00eb publikuar n\u00eb\u00a0<a href=\"https:\/\/mod.gov.mk\/oglas-za-priem-na-150-pfv-15-09-2023\/?fbclid=IwAR1D6jpcEXcW79N6qHF8MK1kbuUcolAQ3JcmvPROSm2csjCH8WDnSh--c6U\">ueb faqen<\/a>\u00a0e Ministris\u00eb s\u00eb Mbrojtjes.<\/p>\n<p>Ministria e Mbrojtjes u b\u00ebn\u00eb thirrje t\u00eb gjith\u00eb t\u00eb rinjve q\u00eb duan t\u00eb b\u00ebhen pjes\u00eb e Ushtris\u00eb t\u00eb shikojn\u00eb kushtet dhe paraqiten n\u00eb konkurs.<\/p>\n","protected":false},"excerpt":{"rendered":"<p>Ministria e Mbrojtjes sot ka publikuar konkurs publik p\u00ebr pranimin e 150 ushtar\u00ebve profesionalist n\u00eb Ushtrin\u00eb e Republik\u00ebs s\u00eb Maqedonis\u00eb s\u00eb Veriut. Konkursi \u00ebsht\u00eb publikuar<\/p>\n","protected":false},"author":14,"featured_media":16418,"comment_status":"open","ping_status":"open","sticky":false,"template":"","format":"standard","meta":{"footnotes":""},"categories":[44],"tags":[],"class_list":["post-16417","post","type-post","status-publish","format-standard","has-post-thumbnail","hentry","category-maqedoni"],"_links":{"self":[{"href":"https:\/\/indeks.bilten.mk\/index.php?rest_route=\/wp\/v2\/posts\/16417","targetHints":{"allow":["GET"]}}],"collection":[{"href":"https:\/\/indeks.bilten.mk\/index.php?rest_route=\/wp\/v2\/posts"}],"about":[{"href":"https:\/\/indeks.bilten.mk\/index.php?rest_route=\/wp\/v2\/types\/post"}],"author":[{"embeddable":true,"href":"https:\/\/indeks.bilten.mk\/index.php?rest_route=\/wp\/v2\/users\/14"}],"replies":[{"embeddable":true,"href":"https:\/\/indeks.bilten.mk\/index.php?rest_route=%2Fwp%2Fv2%2Fcomments&post=16417"}],"version-history":[{"count":0,"href":"https:\/\/indeks.bilten.mk\/index.php?rest_route=\/wp\/v2\/posts\/16417\/revisions"}],"wp:featuredmedia":[{"embeddable":true,"href":"https:\/\/indeks.bilten.mk\/index.php?rest_route=\/wp\/v2\/media\/16418"}],"wp:attachment":[{"href":"https:\/\/indeks.bilten.mk\/index.php?rest_route=%2Fwp%2Fv2%2Fmedia&parent=16417"}],"wp:term":[{"taxonomy":"category","embeddable":true,"href":"https:\/\/indeks.bilten.mk\/index.php?rest_route=%2Fwp%2Fv2%2Fcategories&post=16417"},{"taxonomy":"post_tag","embeddable":true,"href":"https:\/\/indeks.bilten.mk\/index.php?rest_route=%2Fwp%2Fv2%2Ftags&post=16417"}],"curies":[{"name":"wp","href":"https:\/\/api.w.org\/{rel}","templated":true}]}}