{"id":16420,"date":"2023-09-15T12:23:18","date_gmt":"2023-09-15T10:23:18","guid":{"rendered":"https:\/\/indeks.mk\/?p=16420"},"modified":"2023-09-15T12:23:18","modified_gmt":"2023-09-15T10:23:18","slug":"besimi-jemi-te-fokusuar-tek-urgjenca-e-vendosjes-se-vendeve-te-ballkanit-perendimor-ne-rrugen-e-shpejte-drejt-be-se","status":"publish","type":"post","link":"https:\/\/indeks.bilten.mk\/?p=16420","title":{"rendered":"Besimi: Jemi t\u00eb fokusuar tek urgjenca e vendosjes s\u00eb vendeve t\u00eb Ballkanit Per\u00ebndimor n\u00eb rrug\u00ebn e shpejt\u00eb drejt BE-s\u00eb"},"content":{"rendered":"<p><em>-Sot, n\u00eb Dit\u00ebn Nd\u00ebrkomb\u00ebtare t\u00eb Demokracis\u00eb, ne fokusohemi tek integrimi n\u00eb BE, tek urgjenca e vendosjes s\u00eb vendeve t\u00eb Ballkanit Per\u00ebndimor n\u00eb rrug\u00ebn e shpejt\u00eb drejt BE-s\u00eb. N\u00eb dy dekadat e fundit, ne jemi p\u00ebrballur me shum\u00eb sfida q\u00eb kan\u00eb minuar besimin e nj\u00eb pjese t\u00eb opinionit se agjenda evropiane nj\u00eb dit\u00eb do t\u00eb b\u00ebhet realitet. Por ora m\u00eb e err\u00ebt \u00ebsht\u00eb para agimit, e megjithat\u00eb BE-ja mbetet q\u00ebllimi yn\u00eb strategjik<\/em>, tha ministri i Financave Fatmir Besimi n\u00eb fjalimin e tij hap\u00ebs n\u00eb Forumin Ekonomik dhe Financiar \u00a0(SEFF)\u00a0n\u00eb Shkup.<\/p>\n<p>Besimi p\u00ebrmendi se \u00e7far\u00eb do t\u00eb thot\u00eb t\u00eb jesh pjes\u00eb e BE-s\u00eb nga pik\u00ebpamja ekonomike dhe financiare, cilat jan\u00eb p\u00ebrfitimet dhe perspektivat kryesore.<\/p>\n<div class=\"td-a-ad id_inline_ad0 id_ad_content-horiz-center\"><center><ins id=\"revive-0-2\" data-revive-zoneid=\"31\" data-revive-block=\"1\" data-revive-blockcampaign=\"1\" data-revive-id=\"a062c7aea6d45e18b401bd6f5007a9a9\" data-revive-seq=\"2\" data-revive-loaded=\"1\"><\/p>\n<div id=\"beacon_dee73fba75\"><img loading=\"lazy\" decoding=\"async\" src=\"https:\/\/ads.tv21.tv\/www\/delivery\/lg.php?bannerid=350&amp;campaignid=6&amp;zoneid=31&amp;loc=https%3A%2F%2Ftv21.tv%2Fbesimi-jemi-te-fokusuar-tek-urgjenca-e-vendosjes-se-vendeve-te-ballkanit-perendimor-ne-rrugen-e-shpejte-drejt-be-se%2F&amp;referer=https%3A%2F%2Ftv21.tv%2Fcategory%2Fmaqedoni%2F&amp;cb=dee73fba75\" alt=\"\" width=\"0\" height=\"0\" \/>\u201cVendet e reja an\u00ebtare marrin shum\u00eb m\u00eb tep\u00ebr fonde kohezioni sesa ato q\u00eb kishin si kandidat\u00eb p\u00ebr an\u00ebtar\u00ebsim dhe fondet e kohezionit jan\u00eb dy her\u00eb m\u00eb t\u00eb m\u00ebdha se fondet IPA. Buxheti i BE-s\u00eb p\u00ebr pes\u00eb vitet e ardhshme \u00ebsht\u00eb 11 her\u00eb m\u00eb i lart\u00eb se ai q\u00eb kemi si kandidat me fondet IPA. Ne mund t\u00eb sjellim diversitetin ton\u00eb, sip\u00ebrmarrjen\u201d, theksoi Besimi.<\/div>\n<p><\/ins><\/center><\/div>\n<p>Ideja e FEFSH-s\u00eb t\u00eb k\u00ebtij viti, si\u00e7 tha ai, \u00ebsht\u00eb q\u00eb t\u00eb hapet nj\u00eb diskutim m\u00eb i gjer\u00eb p\u00ebr BE-n\u00eb si destinacionin ton\u00eb p\u00ebrfundimtar.<\/p>\n<div class=\"td-a-ad id_inline_ad1 id_ad_content-horiz-center\"><center><ins id=\"revive-0-3\" data-revive-zoneid=\"31\" data-revive-block=\"1\" data-revive-blockcampaign=\"1\" data-revive-id=\"a062c7aea6d45e18b401bd6f5007a9a9\" data-revive-seq=\"3\" data-revive-loaded=\"1\"><\/p>\n<div id=\"beacon_3554c2a2c4\"><img loading=\"lazy\" decoding=\"async\" src=\"https:\/\/ads.tv21.tv\/www\/delivery\/lg.php?bannerid=403&amp;campaignid=74&amp;zoneid=31&amp;loc=https%3A%2F%2Ftv21.tv%2Fbesimi-jemi-te-fokusuar-tek-urgjenca-e-vendosjes-se-vendeve-te-ballkanit-perendimor-ne-rrugen-e-shpejte-drejt-be-se%2F&amp;referer=https%3A%2F%2Ftv21.tv%2Fcategory%2Fmaqedoni%2F&amp;cb=3554c2a2c4\" alt=\"\" width=\"0\" height=\"0\" \/>\u201cDo t\u00eb hapet nj\u00eb debat m\u00eb i gjer\u00eb p\u00ebr perspektivat e BE-s\u00eb, se sa shpejt do t\u00eb b\u00ebhemi pjes\u00eb e BE-s\u00eb. Ne do t\u00eb trajtojm\u00eb temat se si mund t\u00eb kontribuojm\u00eb n\u00eb p\u00ebrshpejtimin e integrimit evropian dhe rajonal, n\u00eb p\u00ebrmir\u00ebsimin e mjedisit t\u00eb biznesit p\u00ebr t\u00eb mb\u00ebshtetur prosperitetin ekonomik. Ne do t\u00eb kalojm\u00eb gjeopolitik\u00ebn dhe politikat, si dhe trendet dhe mund\u00ebsit\u00eb globale p\u00ebr ekonomin\u00eb. N\u00eb agimin e nj\u00eb t\u00eb nes\u00ebrme m\u00eb t\u00eb mir\u00eb evropiane, me nj\u00eb s\u00ebr\u00eb mund\u00ebsish t\u00eb reja p\u00ebr nj\u00eb standard m\u00eb t\u00eb lart\u00eb jetese, siguri dhe perspektiv\u00eb p\u00ebr t\u00eb gjith\u00eb qytetar\u00ebt tan\u00eb, tema e konferenc\u00ebs s\u00eb k\u00ebtij viti \u00ebsht\u00eb \u201cEvropa \u2013 PO, Evropa \u2013 TANI\u201d ose m\u00eb p\u00ebrshkruese \u201cIntegrimi evropian dhe prosperiteti ekonomik\u201d, theksoi ministri.<\/div>\n<p><\/ins><\/center><\/div>\n<p>Ai kujtoi se an\u00ebtar\u00ebsimi n\u00eb BE mbi t\u00eb gjitha do t\u00eb thot\u00eb akses n\u00eb nj\u00eb treg me m\u00eb shum\u00eb se gjysm\u00eb miliard\u00eb konsumator\u00eb. Kjo, theksoi, jep shtys\u00eb p\u00ebr rritje dhe konvergjenc\u00eb.<\/p>\n<div class=\"td-a-ad id_inline_ad2 id_ad_content-horiz-center\"><center><ins id=\"revive-0-4\" data-revive-zoneid=\"31\" data-revive-block=\"1\" data-revive-blockcampaign=\"1\" data-revive-id=\"a062c7aea6d45e18b401bd6f5007a9a9\" data-revive-seq=\"4\" data-revive-loaded=\"1\"><\/p>\n<div id=\"beacon_34d206ff63\"><img loading=\"lazy\" decoding=\"async\" src=\"https:\/\/ads.tv21.tv\/www\/delivery\/lg.php?bannerid=314&amp;campaignid=63&amp;zoneid=31&amp;loc=https%3A%2F%2Ftv21.tv%2Fbesimi-jemi-te-fokusuar-tek-urgjenca-e-vendosjes-se-vendeve-te-ballkanit-perendimor-ne-rrugen-e-shpejte-drejt-be-se%2F&amp;referer=https%3A%2F%2Ftv21.tv%2Fcategory%2Fmaqedoni%2F&amp;cb=34d206ff63\" alt=\"\" width=\"0\" height=\"0\" \/>\u201cNga pik\u00ebpamja mikroekonomike, \u00ebsht\u00eb shum\u00eb m\u00eb e leht\u00eb t\u00eb arrihen ekonomit\u00eb t\u00eb v\u00ebllimit, duke sjell\u00eb k\u00ebshtu kosto m\u00eb t\u00eb ul\u00ebta n\u00ebp\u00ebrmjet nj\u00eb v\u00ebllimi m\u00eb t\u00eb lart\u00eb prodhimi. Fal\u00eb veprimeve t\u00eb p\u00ebrbashk\u00ebta, strategjis\u00eb s\u00eb p\u00ebrbashk\u00ebt tregtare, ajo \u00ebsht\u00eb pozicionuar lart n\u00eb sken\u00ebn e tregtis\u00eb globale, me marr\u00ebveshjet bilaterale tregtare q\u00eb sigurojn\u00eb hapjen e mund\u00ebsive t\u00eb reja p\u00ebr sindikatat\u201d, tha Besimi n\u00eb fjalimin.<\/div>\n<p><\/ins><\/center><\/div>\n<p>&nbsp;<\/p>\n","protected":false},"excerpt":{"rendered":"<p>-Sot, n\u00eb Dit\u00ebn Nd\u00ebrkomb\u00ebtare t\u00eb Demokracis\u00eb, ne fokusohemi tek integrimi n\u00eb BE, tek urgjenca e vendosjes s\u00eb vendeve t\u00eb Ballkanit Per\u00ebndimor n\u00eb rrug\u00ebn e shpejt\u00eb<\/p>\n","protected":false},"author":14,"featured_media":16421,"comment_status":"open","ping_status":"open","sticky":false,"template":"","format":"standard","meta":{"footnotes":""},"categories":[44],"tags":[],"class_list":["post-16420","post","type-post","status-publish","format-standard","has-post-thumbnail","hentry","category-maqedoni"],"_links":{"self":[{"href":"https:\/\/indeks.bilten.mk\/index.php?rest_route=\/wp\/v2\/posts\/16420","targetHints":{"allow":["GET"]}}],"collection":[{"href":"https:\/\/indeks.bilten.mk\/index.php?rest_route=\/wp\/v2\/posts"}],"about":[{"href":"https:\/\/indeks.bilten.mk\/index.php?rest_route=\/wp\/v2\/types\/post"}],"author":[{"embeddable":true,"href":"https:\/\/indeks.bilten.mk\/index.php?rest_route=\/wp\/v2\/users\/14"}],"replies":[{"embeddable":true,"href":"https:\/\/indeks.bilten.mk\/index.php?rest_route=%2Fwp%2Fv2%2Fcomments&post=16420"}],"version-history":[{"count":0,"href":"https:\/\/indeks.bilten.mk\/index.php?rest_route=\/wp\/v2\/posts\/16420\/revisions"}],"wp:featuredmedia":[{"embeddable":true,"href":"https:\/\/indeks.bilten.mk\/index.php?rest_route=\/wp\/v2\/media\/16421"}],"wp:attachment":[{"href":"https:\/\/indeks.bilten.mk\/index.php?rest_route=%2Fwp%2Fv2%2Fmedia&parent=16420"}],"wp:term":[{"taxonomy":"category","embeddable":true,"href":"https:\/\/indeks.bilten.mk\/index.php?rest_route=%2Fwp%2Fv2%2Fcategories&post=16420"},{"taxonomy":"post_tag","embeddable":true,"href":"https:\/\/indeks.bilten.mk\/index.php?rest_route=%2Fwp%2Fv2%2Ftags&post=16420"}],"curies":[{"name":"wp","href":"https:\/\/api.w.org\/{rel}","templated":true}]}}