{"id":16423,"date":"2023-09-15T12:27:42","date_gmt":"2023-09-15T10:27:42","guid":{"rendered":"https:\/\/indeks.mk\/?p=16423"},"modified":"2023-09-15T12:27:42","modified_gmt":"2023-09-15T10:27:42","slug":"reeker-normalizimi-i-marredhenieve-kosove-serbi-do-ti-ofroje-ballkanit-me-shume-siguri-dhe-zhvillim","status":"publish","type":"post","link":"https:\/\/indeks.bilten.mk\/?p=16423","title":{"rendered":"Reeker: Normalizimi i marr\u00ebdh\u00ebnieve Kosov\u00eb-Serbi do t\u2019i ofroj\u00eb Ballkanit m\u00eb shum\u00eb siguri dhe zhvillim"},"content":{"rendered":"<p>Ambasadori Philip Reeker, ish zyrtar i lart\u00eb i ShBA-s\u00eb ka th\u00ebn\u00eb se normalizimi i marr\u00ebdh\u00ebnieve Kosov\u00eb-Serbi do t\u2019i ofroj\u00eb Ballkanit Per\u00ebndimor m\u00eb shum\u00eb siguri dhe zhvillim.<\/p>\n<p>K\u00ebto deklarime Reeker i b\u00ebri n\u00eb konferenc\u00ebn \u201cDialogu me Serbin\u00eb\u201d, e cila \u00ebsht\u00eb mbajtur n\u00eb Prishtin\u00eb.<\/p>\n<p>\u201cNe duam t\u00eb shohim m\u00eb shum\u00eb prosperitet n\u00eb k\u00ebt\u00eb rajon, ky \u00ebsht\u00eb q\u00ebllimi yn\u00eb, kjo ishte politika jon\u00eb dhe k\u00ebshtu mbetet. Ne duam t\u00eb shohim Ballkanin Per\u00ebndimor m\u00eb mir\u00eb, Kosov\u00ebn m\u00eb mir\u00eb. Ne duam t\u00eb shohim nj\u00eb Evrope t\u00eb plot\u00eb, t\u00eb lir\u00eb dhe n\u00eb paqe\u201d, tha ai.<\/p>\n<p>Nd\u00ebrsa, baronesha Catherine Ashton n\u00eb fjalimin e saj potencoi se Kosova \u00ebsht\u00eb shum\u00eb e r\u00ebnd\u00ebsishme p\u00ebr t\u00eb, nd\u00ebrsa ritheksoi se procesi i dialogut Kosov\u00eb \u2013 Serbi nuk ka qen\u00eb asnj\u00ebher\u00eb i leht\u00eb.<\/p>\n<p>\u201cShpresoj ta kuptoni se koha e kaluar n\u00eb dialog ka qen\u00eb e v\u00ebshtir\u00eb. E ardhmja e k\u00ebtij rajoni \u00ebsht\u00eb n\u00eb Bashkimin Evropian, \u00ebsht\u00eb m\u00eb mir\u00eb p\u00ebr ekonomin\u00eb, p\u00ebr zhvillimin e t\u00eb rinjve, etj\u201d, theksoi ajo, transmeton telegrafi.<\/p>\n<p>Ndryshe, t\u00eb enjten n\u00eb Bruksel u mbajt takimi i nivelit t\u00eb lart\u00eb n\u00eb kuad\u00ebr t\u00eb dialogut Kosov\u00eb-Serbi.<\/p>\n<p>Borrell n\u00eb nj\u00eb konferenc\u00eb p\u00ebr media tha se kryeministri i Kosov\u00ebs, Albin Kurti, nuk ka pranuar q\u00eb t\u00eb filloj\u00eb procesin e themelimit t\u00eb Asociacionit duke insistuar n\u00eb formalizmin e njohjes de-facto si hap i par\u00eb.<\/p>\n<p>Nd\u00ebrsa sipas tij, presidenti serb, Aleksandar Vu\u00e7iq, ka pranuar kompromisin e paraqitur nga BE-ja, ndon\u00ebse n\u00eb fillim kishte shkuar n\u00eb Bruksel me nj\u00eb propozim t\u00eb vetin.<\/p>\n","protected":false},"excerpt":{"rendered":"<p>Ambasadori Philip Reeker, ish zyrtar i lart\u00eb i ShBA-s\u00eb ka th\u00ebn\u00eb se normalizimi i marr\u00ebdh\u00ebnieve Kosov\u00eb-Serbi do t\u2019i ofroj\u00eb Ballkanit Per\u00ebndimor m\u00eb shum\u00eb siguri dhe<\/p>\n","protected":false},"author":14,"featured_media":16424,"comment_status":"open","ping_status":"open","sticky":false,"template":"","format":"standard","meta":{"footnotes":""},"categories":[45],"tags":[],"class_list":["post-16423","post","type-post","status-publish","format-standard","has-post-thumbnail","hentry","category-rajoni"],"_links":{"self":[{"href":"https:\/\/indeks.bilten.mk\/index.php?rest_route=\/wp\/v2\/posts\/16423","targetHints":{"allow":["GET"]}}],"collection":[{"href":"https:\/\/indeks.bilten.mk\/index.php?rest_route=\/wp\/v2\/posts"}],"about":[{"href":"https:\/\/indeks.bilten.mk\/index.php?rest_route=\/wp\/v2\/types\/post"}],"author":[{"embeddable":true,"href":"https:\/\/indeks.bilten.mk\/index.php?rest_route=\/wp\/v2\/users\/14"}],"replies":[{"embeddable":true,"href":"https:\/\/indeks.bilten.mk\/index.php?rest_route=%2Fwp%2Fv2%2Fcomments&post=16423"}],"version-history":[{"count":0,"href":"https:\/\/indeks.bilten.mk\/index.php?rest_route=\/wp\/v2\/posts\/16423\/revisions"}],"wp:featuredmedia":[{"embeddable":true,"href":"https:\/\/indeks.bilten.mk\/index.php?rest_route=\/wp\/v2\/media\/16424"}],"wp:attachment":[{"href":"https:\/\/indeks.bilten.mk\/index.php?rest_route=%2Fwp%2Fv2%2Fmedia&parent=16423"}],"wp:term":[{"taxonomy":"category","embeddable":true,"href":"https:\/\/indeks.bilten.mk\/index.php?rest_route=%2Fwp%2Fv2%2Fcategories&post=16423"},{"taxonomy":"post_tag","embeddable":true,"href":"https:\/\/indeks.bilten.mk\/index.php?rest_route=%2Fwp%2Fv2%2Ftags&post=16423"}],"curies":[{"name":"wp","href":"https:\/\/api.w.org\/{rel}","templated":true}]}}