{"id":16426,"date":"2023-09-15T13:02:55","date_gmt":"2023-09-15T11:02:55","guid":{"rendered":"https:\/\/indeks.mk\/?p=16426"},"modified":"2023-09-15T13:02:55","modified_gmt":"2023-09-15T11:02:55","slug":"vjedhje-e-rende-ne-xhami-prokuroria-nis-hetimet","status":"publish","type":"post","link":"https:\/\/indeks.bilten.mk\/?p=16426","title":{"rendered":"Vjedhje e r\u00ebnd\u00eb n\u00eb xhami! Prokuroria nis hetimet"},"content":{"rendered":"<p><strong>Xhamit\u00eb n\u00eb qytete t\u00eb ndryshme t\u00eb Kosov\u00ebs shpeshher\u00eb jan\u00eb cak i hajnave, t\u00eb cil\u00ebt ua v\u00ebn\u00eb syrin gj\u00ebrave me vler\u00eb.<\/strong><\/p>\n<p>Cak i hajnave jan\u00eb m\u00eb s\u00eb shumti arkat e ndihmave e kasafortat e mbushura me para, por n\u00eb raste tjera edhe gj\u00ebsende tjera materiale, raporton Gazeta Sinjali.<\/p>\n<p>Nj\u00eb vjedhje e r\u00ebnd\u00eb ka ndodhur s\u00eb fundi n\u00eb nj\u00eb xhami n\u00eb rrug\u00ebn \u2018Fehmi Agani\u2019 n\u00eb Gjakov\u00eb, ku nj\u00eb person ende i paidentifikuar dyshohet se ka vjedhur nj\u00eb pajisje elektronike.<\/p>\n<p>Burimet e Gazet\u00ebs Sinjali brenda Prokuroris\u00eb kan\u00eb b\u00ebr\u00eb me dije se rasti \u00ebsht\u00eb denoncuar nga imami i xhamis\u00eb, i cili gjith\u00eb ngjarjen e ka v\u00ebrejtur p\u00ebrmes kamerave t\u00eb siguris\u00eb.<\/p>\n<p>Nj\u00ebsit\u00eb policore kan\u00eb dal\u00eb n\u00eb vendin e ngjarjes p\u00ebr t\u00eb kryer ekzaminimet e nevojshme q\u00eb ndihmojn\u00eb n\u00eb zbardhjen e rrethanave t\u00eb rastit, teksa jan\u00eb marr\u00eb t\u00eb gjitha veprimet hetimore q\u00eb \u00e7ojn\u00eb n\u00eb identifikimin e t\u00eb dyshuarit.<\/p>\n<p>Me urdh\u00ebr t\u00eb prokurorit, rasti \u00ebsht\u00eb cil\u00ebsuar \u2018Vjedhje e r\u00ebnd\u00eb\u2019, nd\u00ebrsa veprimet tjera ligjore do merren posa t\u00eb kapet i dyshuari.<\/p>\n","protected":false},"excerpt":{"rendered":"<p>Xhamit\u00eb n\u00eb qytete t\u00eb ndryshme t\u00eb Kosov\u00ebs shpeshher\u00eb jan\u00eb cak i hajnave, t\u00eb cil\u00ebt ua v\u00ebn\u00eb syrin gj\u00ebrave me vler\u00eb. Cak i hajnave jan\u00eb m\u00eb<\/p>\n","protected":false},"author":14,"featured_media":0,"comment_status":"open","ping_status":"open","sticky":false,"template":"","format":"standard","meta":{"footnotes":""},"categories":[45],"tags":[],"class_list":["post-16426","post","type-post","status-publish","format-standard","hentry","category-rajoni"],"_links":{"self":[{"href":"https:\/\/indeks.bilten.mk\/index.php?rest_route=\/wp\/v2\/posts\/16426","targetHints":{"allow":["GET"]}}],"collection":[{"href":"https:\/\/indeks.bilten.mk\/index.php?rest_route=\/wp\/v2\/posts"}],"about":[{"href":"https:\/\/indeks.bilten.mk\/index.php?rest_route=\/wp\/v2\/types\/post"}],"author":[{"embeddable":true,"href":"https:\/\/indeks.bilten.mk\/index.php?rest_route=\/wp\/v2\/users\/14"}],"replies":[{"embeddable":true,"href":"https:\/\/indeks.bilten.mk\/index.php?rest_route=%2Fwp%2Fv2%2Fcomments&post=16426"}],"version-history":[{"count":0,"href":"https:\/\/indeks.bilten.mk\/index.php?rest_route=\/wp\/v2\/posts\/16426\/revisions"}],"wp:attachment":[{"href":"https:\/\/indeks.bilten.mk\/index.php?rest_route=%2Fwp%2Fv2%2Fmedia&parent=16426"}],"wp:term":[{"taxonomy":"category","embeddable":true,"href":"https:\/\/indeks.bilten.mk\/index.php?rest_route=%2Fwp%2Fv2%2Fcategories&post=16426"},{"taxonomy":"post_tag","embeddable":true,"href":"https:\/\/indeks.bilten.mk\/index.php?rest_route=%2Fwp%2Fv2%2Ftags&post=16426"}],"curies":[{"name":"wp","href":"https:\/\/api.w.org\/{rel}","templated":true}]}}