{"id":16427,"date":"2023-09-15T12:56:00","date_gmt":"2023-09-15T10:56:00","guid":{"rendered":"https:\/\/indeks.mk\/?p=16427"},"modified":"2023-09-15T12:56:00","modified_gmt":"2023-09-15T10:56:00","slug":"han-me-mesazh-per-te-gjitha-partite-politike-bashkepunoni-maqedonia-e-veriut-eshte-ne-rruge-te-shkelqyer-drejt-be-se","status":"publish","type":"post","link":"https:\/\/indeks.bilten.mk\/?p=16427","title":{"rendered":"Han me mesazh p\u00ebr t\u00eb gjitha partit\u00eb politike: Bashk\u00ebpunoni! Maqedonia e Veriut \u00ebsht\u00eb n\u00eb rrug\u00eb t\u00eb shk\u00eblqyer drejt BE-s\u00eb"},"content":{"rendered":"<p><em>-Maqedonia e Veriut sot \u00ebsht\u00eb n\u00eb rrug\u00eb t\u00eb shk\u00eblqyer drejt BE-s\u00eb. Por dua ta p\u00ebrcjell nj\u00eb mesazh p\u00ebr t\u00eb gjitha forcat politike n\u00eb vend \u2013 bashk\u00ebpunoni. Kjo \u00ebsht\u00eb nj\u00eb detyr\u00eb ekipore, duhet t\u00eb luash si ekip komb\u00ebtar i futbollit, jo si kampionat individ\u00ebsh. Ju duhet t\u00eb punoni s\u00eb bashku, p\u00ebrndryshe nuk do t\u00eb keni sukses<\/em>, tha sot Komisari Evropian p\u00ebr Buxhetin Johanes Han.<\/p>\n<p>N\u00eb fjalimin e hapjes s\u00eb Forumit Ekonomik dhe Financiar n\u00eb Shkup(SEFF), Han shprehu besimin se Maqedonia e Veriut do t\u00eb b\u00ebhet ndoshta an\u00ebtarja e 28-t\u00eb e BE-s\u00eb. Ai p\u00ebrs\u00ebriti se integrimi evropian mbetet nj\u00eb proces i bazuar n\u00eb merita.<\/p>\n<p>Han tha gjithashtu se nuk duhet t\u00eb merren vendime ligjore, si dhe se sundimi i ligjit duhet t\u00eb respektohet.<\/p>\n<p>\u201cMund t\u00eb konfirmoj vet\u00ebm se ky proces mbetet nj\u00eb proces i bazuar n\u00eb merita. Nuk \u00ebsht\u00eb se po presim kandidat\u00ebt m\u00eb t\u00eb dob\u00ebt apo m\u00eb t\u00eb prapambetur p\u00ebr t\u2019u kapur me pjes\u00ebn tjet\u00ebr. Jo. N\u00ebse i keni arritur gj\u00ebrat q\u00eb duhet t\u00eb arrini, do t\u2019ju jepet merita. Un\u00eb do t\u00eb mbetem mbrojt\u00ebsi dhe promovuesi juaj i vazhduesh\u00ebm, do t\u00eb b\u00ebj gjith\u00e7ka q\u00eb \u00ebsht\u00eb e nevojshme n\u00eb t\u00eb ardhmen. \u00cbsht\u00eb e r\u00ebnd\u00ebsishme q\u00eb forcat kryesore politike t\u00eb punojn\u00eb s\u00eb bashku p\u00ebr q\u00ebllimin p\u00ebrfundimtar t\u00eb Maqedonis\u00eb s\u00eb Veriut. Kjo \u00ebsht\u00eb di\u00e7ka q\u00eb duhet ta lini m\u00ebnjan\u00eb \u2013 interesat partiake, politike. Ju mund ta diskutoni k\u00ebt\u00eb p\u00ebr shum\u00eb \u00e7\u00ebshtje t\u00eb ndryshme, por kjo \u00ebsht\u00eb nj\u00eb \u00e7\u00ebshtje komb\u00ebtare, kjo \u00ebsht\u00eb \u00e7\u00ebshtja kryesore n\u00eb t\u00eb cil\u00ebn duhet t\u00eb investoni gjith\u00eb mundin, t\u00eb gjitha forcat n\u00eb Kuvend p\u00ebr t\u00eb arritur q\u00ebllimet tuaja. N\u00ebse e arrin k\u00ebt\u00eb, mund ta arrish at\u00eb q\u00eb duhet me koh\u00eb\u201d, thekson Han.<\/p>\n<p>Nga an\u00ebtar\u00ebsimi n\u00eb BE, plot\u00ebsoi, p\u00ebrfitime do t\u00eb ken\u00eb t\u00eb gjith\u00eb, ekonomike dhe shoq\u00ebrore.<\/p>\n<p>\u201cT\u00eb gjith\u00eb duhet t\u00eb kuptojm\u00eb se ne duhet t\u2019u sh\u00ebrbejm\u00eb qytetar\u00ebve, ata kan\u00eb t\u00eb drejt\u00eb ta b\u00ebjn\u00eb k\u00ebt\u00eb. Mendoj se p\u00ebrfundimisht do t\u00eb jemi t\u00eb suksessh\u00ebm, ndoshta m\u00eb shpejt se sa e presin shum\u00eb njer\u00ebz. Le t\u00eb shfryt\u00ebzojm\u00eb momentin dhe t\u00eb punojm\u00eb s\u00eb bashku. Jam i bindur se n\u00eb fund Maqedonia e Veriut do t\u00eb b\u00ebhet ndoshta an\u00ebtarja e 28-t\u00eb e BE-s\u00eb. E di q\u00eb po shkon mir\u00eb skriningu, por dua t\u2019u p\u00ebrcjell nj\u00eb mesazh t\u00eb gjitha forcave politike n\u00eb vend \u2013 bashk\u00ebpunoni, kjo \u00ebsht\u00eb nj\u00eb detyr\u00eb ekipore, duhet t\u00eb luani si komb\u00ebtare e futbollit jo si kampionat individ\u00ebsh. \u00cbsht\u00eb e nevojshme t\u00eb punoni s\u00eb bashku, p\u00ebrndryshe nuk do t\u00eb keni sukses\u201d, n\u00ebnvizoi komisari evropian.<\/p>\n<p>Sipas tij, bashkimi i Evrop\u00ebs do t\u00eb p\u00ebrfundoj\u00eb vet\u00ebm kur t\u00eb gjitha vendet e kontinentit evropian t\u00eb b\u00ebhen an\u00ebtar\u00eb t\u00eb BE-s\u00eb.<\/p>\n<p>\u201cJu jeni pjes\u00eb e kontinentit, edhe ju duhet t\u00eb b\u00ebheni nj\u00eb an\u00ebtar i plot\u00eb i familjes evropiane. Kjo \u00ebsht\u00eb pik\u00ebrisht ajo q\u00eb ne po p\u00ebrpiqemi t\u00eb arrijm\u00eb sa m\u00eb shpejt t\u00eb jet\u00eb e mundur. Duhet b\u00ebr\u00eb di\u00e7ka p\u00ebr t\u00eb arritur k\u00ebt\u00eb. Dua t\u2019ju siguroj se n\u00eb BE tani kemi nj\u00eb dinamik\u00eb t\u00eb re q\u00eb u stimulua nga lufta agresive ruse n\u00eb Ukrain\u00eb. Ne duhet t\u00eb p\u00ebrpiqemi si familje, dhe ju jeni pjes\u00eb e asaj familjeje. Duhet t\u00eb theksojm\u00eb qart\u00eb se pa nj\u00eb Evrop\u00eb t\u00eb fort\u00eb, situata n\u00eb bot\u00eb do t\u00eb jet\u00eb krejt\u00ebsisht ndryshe, dhe ju jeni dhe n\u00eb t\u00eb ardhmen do t\u00eb jeni nj\u00eb pasuri edhe m\u00eb e madhe q\u00eb do t\u00eb ndihmoj\u00eb dhe do t\u00eb jeni pjes\u00eb e r\u00ebnd\u00ebsishme e familjes evropiane. K\u00ebshtu q\u00eb ne do t\u00eb b\u00ebjm\u00eb gjith\u00e7ka q\u00eb mundemi p\u00ebr t\u00eb p\u00ebrshpejtuar procesin, por duhen dy p\u00ebr t\u00eb luajtur nj\u00eb loj\u00eb t\u00eb caktuar p\u00ebr t\u00eb arritur atje ku duam t\u00eb shkojm\u00eb\u201d, tha Han.<\/p>\n<p>Edhe BE-ja duhet, shtoi ai, t\u00eb b\u00ebj\u00eb detyrat e saj n\u00eb vendet e saj q\u00eb nuk jan\u00eb ende aty ku duan t\u00eb jen\u00eb.<\/p>\n<p>\u201cPor \u00ebsht\u00eb e r\u00ebnd\u00ebsishme t\u00eb kuptohet se BE-ja \u00ebsht\u00eb aderimi ndaj vlerave, interesave, perspektivave t\u00eb p\u00ebrbashk\u00ebta dhe t\u00eb kuptuarit se si ne i shohim individ\u00ebt. Prandaj, sundimi i ligjit nuk \u00ebsht\u00eb obsesioni yn\u00eb, por nj\u00eb parakusht. Aspektet q\u00eb lidhen me sundimin e ligjit duhet t\u00eb zbatohen. \u00cbsht\u00eb e nevojshme p\u00ebrmir\u00ebsimi i situat\u00ebs n\u00eb sistemin e drejt\u00ebsis\u00eb, p\u00ebr sa i p\u00ebrket ligjeve dhe kodekseve t\u00eb ndryshme. \u00cbsht\u00eb e r\u00ebnd\u00ebsishme q\u00eb e gjith\u00eb kjo t\u00eb b\u00ebhet mbi baz\u00ebn e diskutimeve t\u00eb gjera ku t\u00eb gjith\u00eb do t\u00eb ken\u00eb mund\u00ebsin\u00eb t\u00eb marrin pjes\u00eb. Nuk ka arsye p\u00ebr t\u00eb nxituar vendimet apo p\u00ebr t\u00eb nxituar procedurat, \u00ebsht\u00eb e r\u00ebnd\u00ebsishme t\u00eb p\u00ebrfshihen t\u00eb gjitha pjes\u00ebt e shoq\u00ebris\u00eb. Demokracia nuk \u00ebsht\u00eb e leht\u00eb, ndonj\u00ebher\u00eb \u00ebsht\u00eb barr\u00eb, sigurisht q\u00eb \u00ebsht\u00eb mir\u00eb t\u00eb marr\u00ebsh vendime m\u00eb shpejt, por m\u00eb e r\u00ebnd\u00ebsishmja \u00ebsht\u00eb q\u00eb t\u00eb gjith\u00eb t\u00eb jen\u00eb dakord me t\u00eb. N\u00ebse d\u00ebgjoj se m\u00eb shum\u00eb se 75 p\u00ebr qind e njer\u00ebzve k\u00ebtu jan\u00eb p\u00ebr Evrop\u00ebn, \u00ebsht\u00eb e r\u00ebnd\u00ebsishme q\u00eb t\u00eb gjith\u00eb ju t\u00eb keni p\u00ebrgjegj\u00ebsi politike, ta p\u00ebrdorni k\u00ebt\u00eb mb\u00ebshtetje t\u00eb fort\u00eb si forc\u00eb reale p\u00ebr t\u00eb zbatuar disa masa sipas synimeve tona evropiane\u201d, tha Han.<\/p>\n<p>Ai po ashtu tha se nuk do t\u00eb flas\u00eb p\u00ebr shifra sepse e p\u00ebrkrah plot\u00ebsisht at\u00eb q\u00eb kan\u00eb th\u00ebn\u00eb m\u00eb her\u00ebt kryeministri Dimitar Kova\u00e7evski dhe ministri i Financave Fatmir Besimi p\u00ebr p\u00ebrfitimet ekonomike nga an\u00ebtar\u00ebsimi i vendit n\u00eb BE. N\u00eb k\u00ebt\u00eb kontekst, Han kujtoi edhe nj\u00eb her\u00eb se BE-ja nuk \u00ebsht\u00eb bankomat, por di\u00e7ka m\u00eb shum\u00eb se kaq, duke aluduar n\u00eb vlerat e p\u00ebrbashk\u00ebta.<\/p>\n<p>\u201cRreth 70 \u2013 75 p\u00ebr qind e investimeve jan\u00eb nga Evropa, eksporti, importi. Kjo \u00ebsht\u00eb arsyeja pse \u00ebsht\u00eb e r\u00ebnd\u00ebsishme q\u00eb t\u00eb p\u00ebrmbushen t\u00eb gjitha angazhimet. Dhe n\u00eb t\u00eb kaluar\u00ebn kemi b\u00ebr\u00eb shum\u00eb propozime, si Strategjia p\u00ebr Ballkanin Per\u00ebndimor n\u00eb vitin 2018, ide p\u00ebr zhvillim t\u00eb m\u00ebtejsh\u00ebm. Gjat\u00eb mandatit tim si Komisar p\u00ebr Zgjerimin u ndjeva i vet\u00ebm, pa shum\u00eb mb\u00ebshtetje p\u00ebr zgjerimin. Prandaj m\u00eb duhet t\u00eb them \u201cfaleminderit Vladimir Putin\u201d, kjo situat\u00eb \u00ebsht\u00eb nj\u00eb ndryshim sepse situata gjeopolitike ka ndryshuar. Tani jemi qartazi n\u00eb nj\u00eb konkurrenc\u00eb mes dy llojeve t\u00eb koncepteve shoq\u00ebrore, nj\u00ebri \u00ebsht\u00eb kapitalizmi dhe diktatura, dhe tjetri \u00ebsht\u00eb ekonomia sociale dhe demokracia. Evropa nuk ka t\u00eb b\u00ebj\u00eb vet\u00ebm me ekonomin\u00eb dhe shifrat, por edhe me vlerat. Evropa filloi si nj\u00eb komunitet ekonomik, por me t\u00eb drejt\u00eb \u00ebsht\u00eb kthyer n\u00eb BE \u2013 \u00ebsht\u00eb nj\u00eb projekt politik i bazuar n\u00eb vlerat e p\u00ebrbashk\u00ebta, q\u00ebllimet dhe nj\u00eb kuptim se si nj\u00eb person duhet par\u00eb si individ \u2013 t\u00eb ket\u00eb mund\u00ebsin\u00eb p\u00ebr t\u00eb votuar, p\u00ebr t\u00eb zgjedhur. Mendoj se \u00ebsht\u00eb e r\u00ebnd\u00ebsishme ta kuptojm\u00eb k\u00ebt\u00eb, BE-ja nuk \u00ebsht\u00eb bankomat, por di\u00e7ka m\u00eb shum\u00eb se kaq, jan\u00eb vlerat e p\u00ebrbashk\u00ebta\u201d, tha Han.<\/p>\n<p>&nbsp;<\/p>\n","protected":false},"excerpt":{"rendered":"<p>-Maqedonia e Veriut sot \u00ebsht\u00eb n\u00eb rrug\u00eb t\u00eb shk\u00eblqyer drejt BE-s\u00eb. Por dua ta p\u00ebrcjell nj\u00eb mesazh p\u00ebr t\u00eb gjitha forcat politike n\u00eb vend \u2013<\/p>\n","protected":false},"author":14,"featured_media":16428,"comment_status":"open","ping_status":"open","sticky":false,"template":"","format":"standard","meta":{"footnotes":""},"categories":[44],"tags":[],"class_list":["post-16427","post","type-post","status-publish","format-standard","has-post-thumbnail","hentry","category-maqedoni"],"_links":{"self":[{"href":"https:\/\/indeks.bilten.mk\/index.php?rest_route=\/wp\/v2\/posts\/16427","targetHints":{"allow":["GET"]}}],"collection":[{"href":"https:\/\/indeks.bilten.mk\/index.php?rest_route=\/wp\/v2\/posts"}],"about":[{"href":"https:\/\/indeks.bilten.mk\/index.php?rest_route=\/wp\/v2\/types\/post"}],"author":[{"embeddable":true,"href":"https:\/\/indeks.bilten.mk\/index.php?rest_route=\/wp\/v2\/users\/14"}],"replies":[{"embeddable":true,"href":"https:\/\/indeks.bilten.mk\/index.php?rest_route=%2Fwp%2Fv2%2Fcomments&post=16427"}],"version-history":[{"count":0,"href":"https:\/\/indeks.bilten.mk\/index.php?rest_route=\/wp\/v2\/posts\/16427\/revisions"}],"wp:featuredmedia":[{"embeddable":true,"href":"https:\/\/indeks.bilten.mk\/index.php?rest_route=\/wp\/v2\/media\/16428"}],"wp:attachment":[{"href":"https:\/\/indeks.bilten.mk\/index.php?rest_route=%2Fwp%2Fv2%2Fmedia&parent=16427"}],"wp:term":[{"taxonomy":"category","embeddable":true,"href":"https:\/\/indeks.bilten.mk\/index.php?rest_route=%2Fwp%2Fv2%2Fcategories&post=16427"},{"taxonomy":"post_tag","embeddable":true,"href":"https:\/\/indeks.bilten.mk\/index.php?rest_route=%2Fwp%2Fv2%2Ftags&post=16427"}],"curies":[{"name":"wp","href":"https:\/\/api.w.org\/{rel}","templated":true}]}}