{"id":16434,"date":"2023-09-15T13:32:49","date_gmt":"2023-09-15T11:32:49","guid":{"rendered":"https:\/\/indeks.mk\/?p=16434"},"modified":"2023-09-15T13:32:49","modified_gmt":"2023-09-15T11:32:49","slug":"haradinaj-kerkon-doreheqjen-e-kurtit","status":"publish","type":"post","link":"https:\/\/indeks.bilten.mk\/?p=16434","title":{"rendered":"Haradinaj k\u00ebrkon dor\u00ebheqjen e Kurtit"},"content":{"rendered":"<p>Kryetari i Aleanc\u00ebs p\u00ebr Ardhm\u00ebrin\u00eb e Kosov\u00ebs, Ramush Haradinaj ka reaguar pas takimit t\u00eb 14 shtatorit nd\u00ebrmjet kryeministrit Albin Kurti dhe presidentit serb, Aleksandar Vu\u00e7iq.<\/p>\n<p>Haradinaj ka k\u00ebrkuar dor\u00ebheqjen e kryeministrit Kurti, dhe mandatin t\u2019ia kthej\u00eb popullit, transmeton Telegrafi.<\/p>\n<p>\u201cSituata e krijuar pas d\u00ebshtimit t\u00eb djesh\u00ebm n\u00eb Bruksel, me tendenc\u00eb t\u00eb thellimit t\u00eb kriz\u00ebs, me pasoja t\u00eb r\u00ebnda p\u00ebr popullin e Kosov\u00ebs, k\u00ebrkojn\u00eb reflektim urgjent nga Kurti dhe qeveria e tij. Ai duhet t\u00eb dor\u00ebhiqet dhe ta kthej\u00eb mandatin te populli. K\u00ebt\u00eb veprim duhet ta b\u00ebj\u00eb edhe n\u00ebse ai mendon se \u00ebsht\u00eb n\u00eb rrug\u00eb t\u00eb drejt\u00eb. Ai obligohet ta pyes popullin se \u00e7ka mendon p\u00ebr veprimet e tij. N\u00eb demokraci zgjedhjet jan\u00eb p\u00ebrgjigja m\u00eb e mir\u00eb\u201d, thot\u00eb Haradinaj.<\/p>\n<p>Tutje, ai ka pohuar se n\u00ebse nuk dor\u00ebhiqet Kurti at\u00ebher\u00eb do ta shkarkojn\u00eb p\u00ebrmes mocionit.<\/p>\n<p>\u201cN\u00eb rast t\u00eb munges\u00ebs s\u00eb reflektimit t\u00eb Kurtit, mbetet p\u00ebrgjegj\u00ebsi e ne t\u00eb tjer\u00ebve, t\u00eb bashkohemi e t\u00eb veprojm\u00eb urgjent p\u00ebr ta d\u00ebrguar vendin n\u00eb zgjedhje, duke e shkarkuar Kurtin p\u00ebrmes mocionit t\u00eb mosbesimit. \u00cbsht\u00eb koha ta pyesim popullin se si t\u00eb dalim nga kjo gjendje e rrezikshme\u201d, shton tutje ai.<\/p>\n<p>Ndryshe, t\u00eb enjten n\u00eb Bruksel u mbajt takimi i nivelit t\u00eb lart\u00eb n\u00eb kuad\u00ebr t\u00eb dialogut Kosov\u00eb-Serbi.<\/p>\n<p>Borrell n\u00eb nj\u00eb konferenc\u00eb p\u00ebr media tha se kryeministri i Kosov\u00ebs, Albin Kurti, nuk ka pranuar q\u00eb t\u00eb filloj\u00eb procesin e themelimit t\u00eb Asociacionit duke insistuar n\u00eb formalizmin e njohjes de-facto si hap i par\u00eb.<\/p>\n<p>Nd\u00ebrsa sipas tij, presidenti serb, Aleksandar Vu\u00e7iq, ka pranuar kompromisin e paraqitur nga BE-ja, ndon\u00ebse n\u00eb fillim kishte shkuar n\u00eb Bruksel me nj\u00eb propozim t\u00eb vetin.<\/p>\n","protected":false},"excerpt":{"rendered":"<p>Kryetari i Aleanc\u00ebs p\u00ebr Ardhm\u00ebrin\u00eb e Kosov\u00ebs, Ramush Haradinaj ka reaguar pas takimit t\u00eb 14 shtatorit nd\u00ebrmjet kryeministrit Albin Kurti dhe presidentit serb, Aleksandar Vu\u00e7iq.<\/p>\n","protected":false},"author":14,"featured_media":15713,"comment_status":"open","ping_status":"open","sticky":false,"template":"","format":"standard","meta":{"footnotes":""},"categories":[45],"tags":[],"class_list":["post-16434","post","type-post","status-publish","format-standard","has-post-thumbnail","hentry","category-rajoni"],"_links":{"self":[{"href":"https:\/\/indeks.bilten.mk\/index.php?rest_route=\/wp\/v2\/posts\/16434","targetHints":{"allow":["GET"]}}],"collection":[{"href":"https:\/\/indeks.bilten.mk\/index.php?rest_route=\/wp\/v2\/posts"}],"about":[{"href":"https:\/\/indeks.bilten.mk\/index.php?rest_route=\/wp\/v2\/types\/post"}],"author":[{"embeddable":true,"href":"https:\/\/indeks.bilten.mk\/index.php?rest_route=\/wp\/v2\/users\/14"}],"replies":[{"embeddable":true,"href":"https:\/\/indeks.bilten.mk\/index.php?rest_route=%2Fwp%2Fv2%2Fcomments&post=16434"}],"version-history":[{"count":0,"href":"https:\/\/indeks.bilten.mk\/index.php?rest_route=\/wp\/v2\/posts\/16434\/revisions"}],"wp:featuredmedia":[{"embeddable":true,"href":"https:\/\/indeks.bilten.mk\/index.php?rest_route=\/wp\/v2\/media\/15713"}],"wp:attachment":[{"href":"https:\/\/indeks.bilten.mk\/index.php?rest_route=%2Fwp%2Fv2%2Fmedia&parent=16434"}],"wp:term":[{"taxonomy":"category","embeddable":true,"href":"https:\/\/indeks.bilten.mk\/index.php?rest_route=%2Fwp%2Fv2%2Fcategories&post=16434"},{"taxonomy":"post_tag","embeddable":true,"href":"https:\/\/indeks.bilten.mk\/index.php?rest_route=%2Fwp%2Fv2%2Ftags&post=16434"}],"curies":[{"name":"wp","href":"https:\/\/api.w.org\/{rel}","templated":true}]}}