{"id":16436,"date":"2023-09-15T13:35:34","date_gmt":"2023-09-15T11:35:34","guid":{"rendered":"https:\/\/indeks.mk\/?p=16436"},"modified":"2023-09-15T13:35:34","modified_gmt":"2023-09-15T11:35:34","slug":"liberten-e-tradheton-kemisha-zbulon-me-shume-se-cduhet","status":"publish","type":"post","link":"https:\/\/indeks.bilten.mk\/?p=16436","title":{"rendered":"Libert\u00ebn e tradh\u00ebton k\u00ebmisha, zbulon m\u00eb shum\u00eb se \u00e7&#8217;duhet&#8230;"},"content":{"rendered":"<p><strong>Liberta \u00ebsht\u00eb mjaft\u00eb aktive n\u00eb rrjete sociale e koh\u00ebve t\u00eb fundit m\u00eb s\u00eb shumti n\u00eb TikTok.<\/strong><\/p>\n<p>Videoja e postuar e Libert\u00ebs morri v\u00ebmendjen e ndjek\u00ebsve t\u00eb saj dhe jo vet\u00ebm, shkruan Kosovarja.<\/p>\n<p>Kjo p\u00ebrshkak t\u00eb m\u00ebnyr\u00ebs se si tregoi veshjen e dit\u00ebs e cila ia nxorri n\u00eb pah gati t\u00eb gjith\u00eb gjoksin.<\/p>\n<p>Me apo padashje k\u00ebmisha e bardh\u00eb e b\u00ebri videon t\u00eb marr\u00eb me mij\u00ebra komente dhe shikushm\u00ebri.<\/p>\n<p>Shikojeni videon m\u00eb posht\u00eb:<\/p>\n<div class=\"wp-video\"><span class=\"mejs-offscreen\">Lojt\u00ebs Videosh<\/span><\/p>\n<div id=\"mep_0\" class=\"mejs-container wp-video-shortcode mejs-video mejs-container-keyboard-inactive\" tabindex=\"0\" role=\"application\" aria-label=\"Lojt\u00ebs Videosh\">\n<div class=\"mejs-inner\">\n<div class=\"mejs-mediaelement\"><video id=\"video-499508-1_html5\" class=\"wp-video-shortcode\" src=\"https:\/\/www.kosovarja-ks.com\/wp-content\/uploads\/2023\/09\/376556744_6233419940097306_5271314345448019255_n.mp4?_=1\" preload=\"metadata\" width=\"304\" height=\"640\" data-mce-fragment=\"1\"><\/video><\/div>\n<div class=\"mejs-layers\">\n<div class=\"mejs-overlay mejs-layer mejs-overlay-play\"><\/div>\n<\/div>\n<\/div>\n<\/div>\n<\/div>\n","protected":false},"excerpt":{"rendered":"<p>Liberta \u00ebsht\u00eb mjaft\u00eb aktive n\u00eb rrjete sociale e koh\u00ebve t\u00eb fundit m\u00eb s\u00eb shumti n\u00eb TikTok. Videoja e postuar e Libert\u00ebs morri v\u00ebmendjen e ndjek\u00ebsve<\/p>\n","protected":false},"author":14,"featured_media":16437,"comment_status":"open","ping_status":"open","sticky":false,"template":"","format":"standard","meta":{"footnotes":""},"categories":[49],"tags":[],"class_list":["post-16436","post","type-post","status-publish","format-standard","has-post-thumbnail","hentry","category-showbiz"],"_links":{"self":[{"href":"https:\/\/indeks.bilten.mk\/index.php?rest_route=\/wp\/v2\/posts\/16436","targetHints":{"allow":["GET"]}}],"collection":[{"href":"https:\/\/indeks.bilten.mk\/index.php?rest_route=\/wp\/v2\/posts"}],"about":[{"href":"https:\/\/indeks.bilten.mk\/index.php?rest_route=\/wp\/v2\/types\/post"}],"author":[{"embeddable":true,"href":"https:\/\/indeks.bilten.mk\/index.php?rest_route=\/wp\/v2\/users\/14"}],"replies":[{"embeddable":true,"href":"https:\/\/indeks.bilten.mk\/index.php?rest_route=%2Fwp%2Fv2%2Fcomments&post=16436"}],"version-history":[{"count":0,"href":"https:\/\/indeks.bilten.mk\/index.php?rest_route=\/wp\/v2\/posts\/16436\/revisions"}],"wp:featuredmedia":[{"embeddable":true,"href":"https:\/\/indeks.bilten.mk\/index.php?rest_route=\/wp\/v2\/media\/16437"}],"wp:attachment":[{"href":"https:\/\/indeks.bilten.mk\/index.php?rest_route=%2Fwp%2Fv2%2Fmedia&parent=16436"}],"wp:term":[{"taxonomy":"category","embeddable":true,"href":"https:\/\/indeks.bilten.mk\/index.php?rest_route=%2Fwp%2Fv2%2Fcategories&post=16436"},{"taxonomy":"post_tag","embeddable":true,"href":"https:\/\/indeks.bilten.mk\/index.php?rest_route=%2Fwp%2Fv2%2Ftags&post=16436"}],"curies":[{"name":"wp","href":"https:\/\/api.w.org\/{rel}","templated":true}]}}