{"id":16441,"date":"2023-09-15T13:50:55","date_gmt":"2023-09-15T11:50:55","guid":{"rendered":"https:\/\/indeks.mk\/?p=16441"},"modified":"2023-09-15T13:50:55","modified_gmt":"2023-09-15T11:50:55","slug":"nora-istrefi-ka-dy-fjale-per-te-gjitha-koleget-e-estrades","status":"publish","type":"post","link":"https:\/\/indeks.bilten.mk\/?p=16441","title":{"rendered":"Nora Istrefi ka dy fjal\u00eb p\u00ebr t\u00eb gjitha koleget e estrad\u00ebs"},"content":{"rendered":"<p><strong>Nora Istrefi shum\u00eb her\u00eb komentohet p\u00ebr veshjen dhe stilin e saj unik.<\/strong><\/p>\n<p>Ajo s\u00eb fundmi tha di\u00e7ka edhe p\u00ebr k\u00ebt\u00eb aspekt, Nora shkruan \u201cTrend b\u00ebj nuk ndjeki\u201d.<\/p>\n<p><img loading=\"lazy\" decoding=\"async\" class=\"alignnone size-full wp-image-499593\" src=\"https:\/\/i0.wp.com\/www.kosovarja-ks.com\/wp-content\/uploads\/2023\/09\/377762262_1027238268619633_6603308273121566532_n.jpg?resize=1440%2C1799&amp;ssl=1\" sizes=\"auto, (max-width: 1000px) 100vw, 1000px\" srcset=\"https:\/\/i0.wp.com\/www.kosovarja-ks.com\/wp-content\/uploads\/2023\/09\/377762262_1027238268619633_6603308273121566532_n.jpg?w=1440&amp;ssl=1 1440w, https:\/\/i0.wp.com\/www.kosovarja-ks.com\/wp-content\/uploads\/2023\/09\/377762262_1027238268619633_6603308273121566532_n.jpg?resize=240%2C300&amp;ssl=1 240w, https:\/\/i0.wp.com\/www.kosovarja-ks.com\/wp-content\/uploads\/2023\/09\/377762262_1027238268619633_6603308273121566532_n.jpg?resize=820%2C1024&amp;ssl=1 820w, https:\/\/i0.wp.com\/www.kosovarja-ks.com\/wp-content\/uploads\/2023\/09\/377762262_1027238268619633_6603308273121566532_n.jpg?resize=768%2C959&amp;ssl=1 768w, https:\/\/i0.wp.com\/www.kosovarja-ks.com\/wp-content\/uploads\/2023\/09\/377762262_1027238268619633_6603308273121566532_n.jpg?resize=1229%2C1536&amp;ssl=1 1229w, https:\/\/i0.wp.com\/www.kosovarja-ks.com\/wp-content\/uploads\/2023\/09\/377762262_1027238268619633_6603308273121566532_n.jpg?resize=750%2C937&amp;ssl=1 750w, https:\/\/i0.wp.com\/www.kosovarja-ks.com\/wp-content\/uploads\/2023\/09\/377762262_1027238268619633_6603308273121566532_n.jpg?resize=1140%2C1424&amp;ssl=1 1140w\" alt=\"\" width=\"673\" height=\"841\" data-pin-no-hover=\"true\" \/><\/p>\n<p>Kjo me pak fjal\u00eb la t\u00eb kuptohet se trendin e Nor\u00ebs po e ndjekin t\u00eb gjith\u00eb dhe ajo t\u00eb asnj\u00ebr\u00ebs, shkruan \u201cKosovarja\u201d.<\/p>\n<p><img loading=\"lazy\" decoding=\"async\" class=\"alignnone size-full wp-image-499594\" src=\"https:\/\/i0.wp.com\/www.kosovarja-ks.com\/wp-content\/uploads\/2023\/09\/377954186_302628842358633_5231281704732175547_n.jpg?resize=1440%2C1799&amp;ssl=1\" sizes=\"auto, (max-width: 1000px) 100vw, 1000px\" srcset=\"https:\/\/i0.wp.com\/www.kosovarja-ks.com\/wp-content\/uploads\/2023\/09\/377954186_302628842358633_5231281704732175547_n.jpg?w=1440&amp;ssl=1 1440w, https:\/\/i0.wp.com\/www.kosovarja-ks.com\/wp-content\/uploads\/2023\/09\/377954186_302628842358633_5231281704732175547_n.jpg?resize=240%2C300&amp;ssl=1 240w, https:\/\/i0.wp.com\/www.kosovarja-ks.com\/wp-content\/uploads\/2023\/09\/377954186_302628842358633_5231281704732175547_n.jpg?resize=820%2C1024&amp;ssl=1 820w, https:\/\/i0.wp.com\/www.kosovarja-ks.com\/wp-content\/uploads\/2023\/09\/377954186_302628842358633_5231281704732175547_n.jpg?resize=768%2C959&amp;ssl=1 768w, https:\/\/i0.wp.com\/www.kosovarja-ks.com\/wp-content\/uploads\/2023\/09\/377954186_302628842358633_5231281704732175547_n.jpg?resize=1229%2C1536&amp;ssl=1 1229w, https:\/\/i0.wp.com\/www.kosovarja-ks.com\/wp-content\/uploads\/2023\/09\/377954186_302628842358633_5231281704732175547_n.jpg?resize=750%2C937&amp;ssl=1 750w, https:\/\/i0.wp.com\/www.kosovarja-ks.com\/wp-content\/uploads\/2023\/09\/377954186_302628842358633_5231281704732175547_n.jpg?resize=1140%2C1424&amp;ssl=1 1140w\" alt=\"\" width=\"673\" height=\"841\" data-pin-no-hover=\"true\" \/><\/p>\n<p>Ju p\u00eblqen stili i Nor\u00ebs?<\/p>\n<p><iframe id=\"instagram-embed-0\" class=\"instagram-media instagram-media-rendered\" src=\"https:\/\/www.instagram.com\/p\/CxLnTsWrmLL\/embed\/captioned\/?cr=1&amp;v=14&amp;wp=375&amp;rd=https%3A%2F%2Fwww.kosovarja-ks.com&amp;rp=%2Fnora-istrefi-ka-dy-fjale-per-te-gjitha-koleget-e-estrades%2F#%7B%22ci%22%3A0%2C%22os%22%3A2943%7D\" height=\"1107\" frameborder=\"0\" scrolling=\"no\" allowfullscreen=\"allowfullscreen\" data-instgrm-payload-id=\"instagram-media-payload-0\" data-mce-fragment=\"1\"><\/iframe><\/p>\n","protected":false},"excerpt":{"rendered":"<p>Nora Istrefi shum\u00eb her\u00eb komentohet p\u00ebr veshjen dhe stilin e saj unik. Ajo s\u00eb fundmi tha di\u00e7ka edhe p\u00ebr k\u00ebt\u00eb aspekt, Nora shkruan \u201cTrend b\u00ebj<\/p>\n","protected":false},"author":14,"featured_media":16443,"comment_status":"open","ping_status":"open","sticky":false,"template":"","format":"standard","meta":{"footnotes":""},"categories":[49],"tags":[],"class_list":["post-16441","post","type-post","status-publish","format-standard","has-post-thumbnail","hentry","category-showbiz"],"_links":{"self":[{"href":"https:\/\/indeks.bilten.mk\/index.php?rest_route=\/wp\/v2\/posts\/16441","targetHints":{"allow":["GET"]}}],"collection":[{"href":"https:\/\/indeks.bilten.mk\/index.php?rest_route=\/wp\/v2\/posts"}],"about":[{"href":"https:\/\/indeks.bilten.mk\/index.php?rest_route=\/wp\/v2\/types\/post"}],"author":[{"embeddable":true,"href":"https:\/\/indeks.bilten.mk\/index.php?rest_route=\/wp\/v2\/users\/14"}],"replies":[{"embeddable":true,"href":"https:\/\/indeks.bilten.mk\/index.php?rest_route=%2Fwp%2Fv2%2Fcomments&post=16441"}],"version-history":[{"count":0,"href":"https:\/\/indeks.bilten.mk\/index.php?rest_route=\/wp\/v2\/posts\/16441\/revisions"}],"wp:featuredmedia":[{"embeddable":true,"href":"https:\/\/indeks.bilten.mk\/index.php?rest_route=\/wp\/v2\/media\/16443"}],"wp:attachment":[{"href":"https:\/\/indeks.bilten.mk\/index.php?rest_route=%2Fwp%2Fv2%2Fmedia&parent=16441"}],"wp:term":[{"taxonomy":"category","embeddable":true,"href":"https:\/\/indeks.bilten.mk\/index.php?rest_route=%2Fwp%2Fv2%2Fcategories&post=16441"},{"taxonomy":"post_tag","embeddable":true,"href":"https:\/\/indeks.bilten.mk\/index.php?rest_route=%2Fwp%2Fv2%2Ftags&post=16441"}],"curies":[{"name":"wp","href":"https:\/\/api.w.org\/{rel}","templated":true}]}}