{"id":16442,"date":"2023-09-15T13:51:01","date_gmt":"2023-09-15T11:51:01","guid":{"rendered":"https:\/\/indeks.mk\/?p=16442"},"modified":"2023-09-15T13:52:07","modified_gmt":"2023-09-15T11:52:07","slug":"ndertimi-i-korridorit-8-rexhepi-mbi-400-aplikime-per-punesim-per-nje-jave-aplikimi-vazhdon","status":"publish","type":"post","link":"https:\/\/indeks.bilten.mk\/?p=16442","title":{"rendered":"Nd\u00ebrtimi i Korridorit 8, Rexhepi: Mbi 400 aplikime p\u00ebr pun\u00ebsim p\u00ebr nj\u00eb jav\u00eb, aplikimi vazhdon!"},"content":{"rendered":"<p>Z\u00ebvend\u00ebsministri i Transportit dhe Lidhjeve, Bekim Rexhepi n\u00eb nj\u00eb prononcim p\u00ebr Indeks.mk thot\u00eb se trendi i aplikimeve p\u00ebr pun\u00ebsim n\u00eb projektin e nd\u00ebrtimit t\u00eb korridoreve 8 dhe 10 D \u00ebsht\u00eb tep\u00ebr i k\u00ebnaqsh\u00ebm.<\/p>\n<blockquote><p>\u201cTrendi i aplikimeve p\u00ebr pun\u00ebsim n\u00eb projektin e nd\u00ebrtimeve t\u00eb korridoreve 8 dhe 10 D \u00ebsht\u00eb tep\u00ebr i k\u00ebnaqsh\u00ebm. Deri tash ka mbi 400 aplikime p\u00ebr pun\u00ebsim brenda nj\u00eb jave. Ende vazhdon procesi i paraqitjes n\u00eb qytetet q\u00eb i vizituam gjat\u00eb panairit bashk\u00eb me z\u00ebvend\u00ebskryeministrin e par\u00eb t\u00eb Qeveris\u00eb, Artan Grubi dhe koleg\u00ebt tjer\u00eb. Jav\u00ebt n\u00eb vazhdim do t\u00eb kemi panaire edhe n\u00eb qytetet tjera si n\u00eb Shkup, K\u00ebr\u00e7ov\u00eb Kumanov\u00eb etj. Apeloj te t\u00eb gjith\u00eb e n\u00eb ve\u00e7anti t\u00eb rinjt\u00eb q\u00eb t\u00eb paraqiten sepse mund\u00ebsia \u00ebsht\u00eb tani\u201d, deklaroi Rexhepi p\u00ebr Indeks.mk<\/p><\/blockquote>\n","protected":false},"excerpt":{"rendered":"<p>Z\u00ebvend\u00ebsministri i Transportit dhe Lidhjeve, Bekim Rexhepi n\u00eb nj\u00eb prononcim p\u00ebr Indeks.mk thot\u00eb se trendi i aplikimeve p\u00ebr pun\u00ebsim n\u00eb projektin e nd\u00ebrtimit t\u00eb korridoreve<\/p>\n","protected":false},"author":14,"featured_media":16444,"comment_status":"open","ping_status":"open","sticky":false,"template":"","format":"standard","meta":{"footnotes":""},"categories":[44],"tags":[],"class_list":["post-16442","post","type-post","status-publish","format-standard","has-post-thumbnail","hentry","category-maqedoni"],"_links":{"self":[{"href":"https:\/\/indeks.bilten.mk\/index.php?rest_route=\/wp\/v2\/posts\/16442","targetHints":{"allow":["GET"]}}],"collection":[{"href":"https:\/\/indeks.bilten.mk\/index.php?rest_route=\/wp\/v2\/posts"}],"about":[{"href":"https:\/\/indeks.bilten.mk\/index.php?rest_route=\/wp\/v2\/types\/post"}],"author":[{"embeddable":true,"href":"https:\/\/indeks.bilten.mk\/index.php?rest_route=\/wp\/v2\/users\/14"}],"replies":[{"embeddable":true,"href":"https:\/\/indeks.bilten.mk\/index.php?rest_route=%2Fwp%2Fv2%2Fcomments&post=16442"}],"version-history":[{"count":0,"href":"https:\/\/indeks.bilten.mk\/index.php?rest_route=\/wp\/v2\/posts\/16442\/revisions"}],"wp:featuredmedia":[{"embeddable":true,"href":"https:\/\/indeks.bilten.mk\/index.php?rest_route=\/wp\/v2\/media\/16444"}],"wp:attachment":[{"href":"https:\/\/indeks.bilten.mk\/index.php?rest_route=%2Fwp%2Fv2%2Fmedia&parent=16442"}],"wp:term":[{"taxonomy":"category","embeddable":true,"href":"https:\/\/indeks.bilten.mk\/index.php?rest_route=%2Fwp%2Fv2%2Fcategories&post=16442"},{"taxonomy":"post_tag","embeddable":true,"href":"https:\/\/indeks.bilten.mk\/index.php?rest_route=%2Fwp%2Fv2%2Ftags&post=16442"}],"curies":[{"name":"wp","href":"https:\/\/api.w.org\/{rel}","templated":true}]}}