{"id":16451,"date":"2023-09-15T14:01:15","date_gmt":"2023-09-15T12:01:15","guid":{"rendered":"https:\/\/indeks.mk\/?p=16451"},"modified":"2023-09-15T14:01:15","modified_gmt":"2023-09-15T12:01:15","slug":"zbulohet-data-dhe-ora-e-mundshme-e-el-clasicos-se-pare-mes-barcelones-dhe-real-madridit-kete-sezon","status":"publish","type":"post","link":"https:\/\/indeks.bilten.mk\/?p=16451","title":{"rendered":"Zbulohet data dhe ora e mundshme e El Clasicos s\u00eb par\u00eb mes Barcelon\u00ebs dhe Real Madridit k\u00ebt\u00eb sezon"},"content":{"rendered":"<p><strong>Ndeshja mes Barcelon\u00ebs dhe Real Madridit e njohur si El Clasico, e para e sezonit 2023\/24 \u00ebsht\u00eb pak m\u00eb shum\u00eb se gjasht\u00eb jav\u00eb larg dhe nj\u00eb dat\u00eb p\u00ebr ndeshjen duket se \u00ebsht\u00eb caktuar.<\/strong><\/p>\n<p>Gazeta <em>Mundo Deportivo<\/em>\u00a0pretendon se Real Madrid ka t\u00eb ngjar\u00eb t\u00eb p\u00ebrballet me Barcelon\u00ebn n\u00eb or\u00ebn 16:15, e shtun\u00eb, m\u00eb 28 tetor. Ndeshja do t\u00eb zhvillohet n\u00eb Estadi Olimpic Lluis Companys n\u00eb Montjuic, pasi Camp Nou po rinovohet.<\/p>\n<p>Koha e loj\u00ebs do t\u00eb n\u00ebnkuptoj\u00eb se \u00ebsht\u00eb nj\u00eb fillim i vonuar n\u00eb Kin\u00eb dhe Azin\u00eb Juglindore, nd\u00ebrsa ata n\u00eb Amerik\u00ebn Latine dhe SHBA do t\u00eb mund ta shikojn\u00eb ndeshjen n\u00eb m\u00ebngjes. Ata n\u00eb Mbret\u00ebrin\u00eb e Bashkuar mund t\u00eb humbasin ndeshjen, pasi do mund t\u00eb q\u00ebllojn\u00eb n\u00eb pun\u00eb.<\/p>\n<p>Nj\u00eb pjes\u00eb e arsyes \u00ebsht\u00eb nj\u00eb koncert i Miguel Rios q\u00eb po zhvillohet n\u00eb Palau Sant Jordi, i cili \u00ebsht\u00eb n\u00eb t\u00eb nj\u00ebjt\u00ebn dit\u00eb dhe \u00ebsht\u00eb gjithashtu n\u00eb t\u00eb nj\u00ebjt\u00ebn zon\u00eb, q\u00eb do t\u00eb thot\u00eb se autoritetet do t\u00eb duan t\u00eb sigurojn\u00eb q\u00eb fansat t\u00eb mos dalin dhe t\u00eb hyjn\u00eb n\u00eb t\u00eb nj\u00ebjt\u00ebn koh\u00eb.<\/p>\n<p>Barcelona p\u00ebrballet me Athletic Bilbao n\u00eb sht\u00ebpi nj\u00eb jav\u00eb m\u00eb her\u00ebt, dhe gjithashtu pret Shakhtar Donetsk n\u00eb Lig\u00ebn e Kampion\u00ebve t\u00eb m\u00ebrkur\u00ebn e jav\u00ebs s\u00eb El Clasicos. Ata udh\u00ebtojn\u00eb p\u00ebr n\u00eb Real Sociedad nj\u00eb jav\u00eb pas El Clasicos.<\/p>\n<p>Real Madrid udh\u00ebton te Sevilla nj\u00eb jav\u00eb para El Clasicos, pastaj udh\u00ebton n\u00eb Braga n\u00eb jav\u00ebn e derbit dhe presin Valencian n\u00eb Santiago Bernabeu fundjav\u00ebn e ardhshme.\u00a0<strong><em>\/Telegrafi\/<\/em><\/strong><\/p>\n","protected":false},"excerpt":{"rendered":"<p>Ndeshja mes Barcelon\u00ebs dhe Real Madridit e njohur si El Clasico, e para e sezonit 2023\/24 \u00ebsht\u00eb pak m\u00eb shum\u00eb se gjasht\u00eb jav\u00eb larg dhe<\/p>\n","protected":false},"author":14,"featured_media":16453,"comment_status":"open","ping_status":"open","sticky":false,"template":"","format":"standard","meta":{"footnotes":""},"categories":[48],"tags":[],"class_list":["post-16451","post","type-post","status-publish","format-standard","has-post-thumbnail","hentry","category-sport"],"_links":{"self":[{"href":"https:\/\/indeks.bilten.mk\/index.php?rest_route=\/wp\/v2\/posts\/16451","targetHints":{"allow":["GET"]}}],"collection":[{"href":"https:\/\/indeks.bilten.mk\/index.php?rest_route=\/wp\/v2\/posts"}],"about":[{"href":"https:\/\/indeks.bilten.mk\/index.php?rest_route=\/wp\/v2\/types\/post"}],"author":[{"embeddable":true,"href":"https:\/\/indeks.bilten.mk\/index.php?rest_route=\/wp\/v2\/users\/14"}],"replies":[{"embeddable":true,"href":"https:\/\/indeks.bilten.mk\/index.php?rest_route=%2Fwp%2Fv2%2Fcomments&post=16451"}],"version-history":[{"count":0,"href":"https:\/\/indeks.bilten.mk\/index.php?rest_route=\/wp\/v2\/posts\/16451\/revisions"}],"wp:featuredmedia":[{"embeddable":true,"href":"https:\/\/indeks.bilten.mk\/index.php?rest_route=\/wp\/v2\/media\/16453"}],"wp:attachment":[{"href":"https:\/\/indeks.bilten.mk\/index.php?rest_route=%2Fwp%2Fv2%2Fmedia&parent=16451"}],"wp:term":[{"taxonomy":"category","embeddable":true,"href":"https:\/\/indeks.bilten.mk\/index.php?rest_route=%2Fwp%2Fv2%2Fcategories&post=16451"},{"taxonomy":"post_tag","embeddable":true,"href":"https:\/\/indeks.bilten.mk\/index.php?rest_route=%2Fwp%2Fv2%2Ftags&post=16451"}],"curies":[{"name":"wp","href":"https:\/\/api.w.org\/{rel}","templated":true}]}}