{"id":16455,"date":"2023-09-15T14:03:36","date_gmt":"2023-09-15T12:03:36","guid":{"rendered":"https:\/\/indeks.mk\/?p=16455"},"modified":"2023-09-15T14:03:36","modified_gmt":"2023-09-15T12:03:36","slug":"manchester-city-u-perpoq-tia-vidhte-barcelones-talentin-lamine-yamal","status":"publish","type":"post","link":"https:\/\/indeks.bilten.mk\/?p=16455","title":{"rendered":"Manchester City u p\u00ebrpoq t\u2019ia \u2018vidhte\u2019 Barcelon\u00ebs talentin Lamine Yamal"},"content":{"rendered":"<p><strong>Lamine Yamal \u00ebsht\u00eb talenti i momentit n\u00eb bot\u00eb, pasi ka befasuar t\u00eb gjith\u00eb me paraqitjet e tij t\u00eb mrekullueshme, Lojtari i Barcelon\u00ebs, vet\u00ebm 16 vje\u00e7, ka shp\u00ebrthyer n\u00eb elit\u00eb me shpejt\u00ebsi marramend\u00ebse. Prandaj shum\u00eb klube e kan\u00eb v\u00ebn\u00eb re at\u00eb dhe e duan n\u00eb ekipin e tyre.<\/strong><\/p>\n<p>Sipas David Sanchez n\u00eb\u00a0<em>Radio MARCA<\/em>, Manchester City b\u00ebri gjith\u00e7ka n\u00eb p\u00ebrpjekje p\u00ebr t\u00eb n\u00ebnshkruar me talentin e Bar\u00e7\u00ebs k\u00ebt\u00eb ver\u00eb.<\/p>\n<p>Enric Masip, k\u00ebshilltari i Laport\u00ebs, pranoi n\u00eb deklaratat p\u00ebr\u00a0<em>Esport 3<\/em>\u00a0se kishte nj\u00eb ekip q\u00eb e kishte pyetur p\u00ebr t\u00eb.<\/p>\n<p>\u201cLamine Yamal dhe Balde kan\u00eb qen\u00eb n\u00eb nj\u00eb situat\u00eb t\u00eb r\u00ebnd\u00eb p\u00ebr t\u2019u larguar k\u00ebt\u00eb ver\u00eb, sepse ka nj\u00eb klub q\u00eb u p\u00ebrpoq t\u2019i \u2018kapte\u2019 ata\u201d, ka th\u00ebn\u00eb Masip.<\/p>\n<p>&nbsp;<\/p>\n<div class=\"twitter-tweet twitter-tweet-rendered\"><iframe id=\"twitter-widget-0\" class=\"\" title=\"Twitter Tweet\" src=\"https:\/\/platform.twitter.com\/embed\/Tweet.html?creatorScreenName=Telegrafisti&amp;dnt=false&amp;embedId=twitter-widget-0&amp;features=eyJ0ZndfdGltZWxpbmVfbGlzdCI6eyJidWNrZXQiOltdLCJ2ZXJzaW9uIjpudWxsfSwidGZ3X2ZvbGxvd2VyX2NvdW50X3N1bnNldCI6eyJidWNrZXQiOnRydWUsInZlcnNpb24iOm51bGx9LCJ0ZndfdHdlZXRfZWRpdF9iYWNrZW5kIjp7ImJ1Y2tldCI6Im9uIiwidmVyc2lvbiI6bnVsbH0sInRmd19yZWZzcmNfc2Vzc2lvbiI6eyJidWNrZXQiOiJvbiIsInZlcnNpb24iOm51bGx9LCJ0ZndfZm9zbnJfc29mdF9pbnRlcnZlbnRpb25zX2VuYWJsZWQiOnsiYnVja2V0Ijoib24iLCJ2ZXJzaW9uIjpudWxsfSwidGZ3X21peGVkX21lZGlhXzE1ODk3Ijp7ImJ1Y2tldCI6InRyZWF0bWVudCIsInZlcnNpb24iOm51bGx9LCJ0ZndfZXhwZXJpbWVudHNfY29va2llX2V4cGlyYXRpb24iOnsiYnVja2V0IjoxMjA5NjAwLCJ2ZXJzaW9uIjpudWxsfSwidGZ3X3Nob3dfYmlyZHdhdGNoX3Bpdm90c19lbmFibGVkIjp7ImJ1Y2tldCI6Im9uIiwidmVyc2lvbiI6bnVsbH0sInRmd19kdXBsaWNhdGVfc2NyaWJlc190b19zZXR0aW5ncyI6eyJidWNrZXQiOiJvbiIsInZlcnNpb24iOm51bGx9LCJ0ZndfdXNlX3Byb2ZpbGVfaW1hZ2Vfc2hhcGVfZW5hYmxlZCI6eyJidWNrZXQiOiJvbiIsInZlcnNpb24iOm51bGx9LCJ0ZndfdmlkZW9faGxzX2R5bmFtaWNfbWFuaWZlc3RzXzE1MDgyIjp7ImJ1Y2tldCI6InRydWVfYml0cmF0ZSIsInZlcnNpb24iOm51bGx9LCJ0ZndfbGVnYWN5X3RpbWVsaW5lX3N1bnNldCI6eyJidWNrZXQiOnRydWUsInZlcnNpb24iOm51bGx9LCJ0ZndfdHdlZXRfZWRpdF9mcm9udGVuZCI6eyJidWNrZXQiOiJvbiIsInZlcnNpb24iOm51bGx9fQ%3D%3D&amp;frame=false&amp;hideCard=false&amp;hideThread=false&amp;id=1702599990458065107&amp;lang=en&amp;origin=https%3A%2F%2Ftelegrafi.com%2Fmanchester-city-u-perpoq-tia-vidhte-barcelones-talentin-lamine-yamal%2F&amp;sessionId=7fac80820b6d32f7810751ddc975fc88c66ecdcb&amp;siteScreenName=Telegrafisti&amp;theme=light&amp;widgetsVersion=aaf4084522e3a%3A1674595607486&amp;width=550px\" frameborder=\"0\" scrolling=\"no\" allowfullscreen=\"allowfullscreen\" data-mce-fragment=\"1\"><\/iframe><\/div>\n<blockquote class=\"twitter-tweet\" data-twitter-extracted-i1694779330731680726=\"true\">\n<p dir=\"ltr\" lang=\"es\">\ud83d\udea8 EXCLUSIVA\u00a0<a href=\"https:\/\/twitter.com\/hashtag\/DSF?src=hash&amp;ref_src=twsrc%5Etfw\">#DSF<\/a>\u00a0de\u00a0<a href=\"https:\/\/twitter.com\/David74Sanchez?ref_src=twsrc%5Etfw\">@David74Sanchez<\/a><\/p>\n<div class=\"ai-viewport-1\" data-insertion-position=\"prepend\" data-selector=\".ai-insert-1-89699222\" data-insertion-no-dbg=\"\" data-code=\"PGRpdiBjbGFzcz0nY29kZS1ibG9jayBjb2RlLWJsb2NrLTEgY29kZS1ibG9jay1pbmFydGljbGUtZGVza3RvcCcgc3R5bGU9J21hcmdpbjogOHB4IGF1dG87IHRleHQtYWxpZ246IGNlbnRlcjsgZGlzcGxheTogYmxvY2s7IGNsZWFyOiBib3RoOyB3aWR0aDogMzAwcHg7IGhlaWdodDogNDIwcHg7IGJhY2tncm91bmQtY29sb3I6ICNmZmZmZmY7Jz4KPGRpdiBzdHlsZT0icG9zaXRpb246IHN0aWNreTsgdG9wOiAxNXB4OyI+CjxkaXYgY2xhc3M9ImNvZGUtYmxvY2stbGFiZWwiPlJla2xhbWE8L2Rpdj4KPGRpdiBkYXRhLWFkLXVuaXQtaWQ9Ii8yMjY0NjY1NzExOC9Jbi1hcnRpY2xlX2JveF8yIj48L2Rpdj4KPC9kaXY+CjxkaXYgc3R5bGU9IiBoZWlnaHQ6IDM5MHB4OyI+PC9kaXY+CjwvZGl2Pgo=\" data-block=\"1\">\n<div class=\"code-block code-block-1 code-block-inarticle-desktop\">\n<div>\n<div class=\"code-block-label\"><\/div>\n<div id=\"ad-id-\/22646657118\/in-article_box_2-6996886797395188\" data-ad-unit-id=\"\/22646657118\/In-article_box_2\" data-google-query-id=\"COParILJrIEDFUWfsgodNN0BTA\">\n<div id=\"google_ads_iframe_\/22646657118\/in-article_box_2_0__container__\"><iframe id=\"google_ads_iframe_\/22646657118\/in-article_box_2_0\" tabindex=\"0\" title=\"3rd party ad content\" role=\"region\" name=\"google_ads_iframe_\/22646657118\/in-article_box_2_0\" width=\"300\" height=\"250\" frameborder=\"0\" marginwidth=\"0\" marginheight=\"0\" scrolling=\"no\" aria-label=\"Advertisement\" data-load-complete=\"true\" data-google-container-id=\"4\" data-mce-fragment=\"1\"><\/iframe><\/div>\n<\/div>\n<\/div>\n<div><\/div>\n<\/div>\n<\/div>\n<p>\u274c El equipo que estuvo cerca de llevarse a LAMINE YAMAL del Bar\u00e7a no es el Real Madrid<\/p>\n<p>\ud83d\udc99 El equipo que vino con todo a por el canterano del Barcelona fue el Manchester City<\/p>\n<p>\ud83d\udcccApunta\u00a0<a href=\"https:\/\/twitter.com\/Rulo_Fuentes_?ref_src=twsrc%5Etfw\">@Rulo_Fuentes_<\/a>: Las relaciones Bar\u00e7a-City han empeorado\u00a0<a href=\"https:\/\/t.co\/xcdUU8Ujp8\">pic.twitter.com\/xcdUU8Ujp8<\/a><\/p>\n<p>\u2014 Radio MARCA (@RadioMARCA)\u00a0<a href=\"https:\/\/twitter.com\/RadioMARCA\/status\/1702599990458065107?ref_src=twsrc%5Etfw\">September 15, 2023<\/a><\/p><\/blockquote>\n<p>Deco, n\u00eb prezantimin e tij si Drejtor Sportiv i klubit t\u00eb Bar\u00e7\u00ebs, shpjegoi edhe k\u00ebt\u00eb jav\u00eb se si ishte situata n\u00eb lidhje me zgjatjen e kontrat\u00ebs s\u00eb dy talenteve.<\/p>\n<p>\u201cAta jan\u00eb duke u zhvilluar, plani i klubit \u00ebsht\u00eb t\u2019i mbaj\u00eb ata. Sigurisht q\u00eb ne do t\u00eb rinovojm\u00eb ata. Lamine Yamal do t\u00eb n\u00ebnshkruaj\u00eb deri n\u00eb vitin 2026, pasi duke qen\u00eb vet\u00ebm 16 vje\u00e7, nuk mund t\u00eb n\u00ebnshkruaj\u00eb kontrat\u00eb m\u00eb t\u00eb gjat\u00eb. Dhe Balde, n\u00eb parim, do ta b\u00ebj\u00eb k\u00ebt\u00eb deri n\u00eb vitin 2028\u201d, ka th\u00ebn\u00eb fillimisht Deco.<\/p>\n<div class=\"related-to-article\">\n<div class=\"related-article-i\">\n<div class=\"clearfix\">P\u00ebr Lamine Yamal, Deco komentoi se ai ka nj\u00eb talent mbres\u00ebl\u00ebn\u00ebs.<\/div>\n<\/div>\n<\/div>\n<p>\u201cAi \u00ebsht\u00eb nj\u00eb lojtar q\u00eb na ka befasuar. Ai i ka k\u00ebmb\u00ebt n\u00eb tok\u00eb. Ka nj\u00eb cil\u00ebsi tjet\u00ebr. Sot po kalojm\u00eb nj\u00eb situat\u00eb t\u00eb r\u00ebnd\u00ebsishme p\u00ebr klubin. Ka shum\u00eb protagonist\u00eb t\u00eb rinj. Ai \u00ebsht\u00eb 16 vje\u00e7 dhe ne kemi p\u00ebr ta l\u00ebn\u00eb t\u00eb arg\u00ebtohet. Trajneri do t\u00eb dij\u00eb si ta trajtoj\u00eb at\u00eb dhe rritja e tij le t\u00eb jet\u00eb e vazhdueshme\u201d, p\u00ebrfundoi portugezi.\u00a0<strong><em>\/Telegrafi\/<\/em><\/strong><\/p>\n","protected":false},"excerpt":{"rendered":"<p>Lamine Yamal \u00ebsht\u00eb talenti i momentit n\u00eb bot\u00eb, pasi ka befasuar t\u00eb gjith\u00eb me paraqitjet e tij t\u00eb mrekullueshme, Lojtari i Barcelon\u00ebs, vet\u00ebm 16 vje\u00e7,<\/p>\n","protected":false},"author":14,"featured_media":16456,"comment_status":"open","ping_status":"open","sticky":false,"template":"","format":"standard","meta":{"footnotes":""},"categories":[48],"tags":[],"class_list":["post-16455","post","type-post","status-publish","format-standard","has-post-thumbnail","hentry","category-sport"],"_links":{"self":[{"href":"https:\/\/indeks.bilten.mk\/index.php?rest_route=\/wp\/v2\/posts\/16455","targetHints":{"allow":["GET"]}}],"collection":[{"href":"https:\/\/indeks.bilten.mk\/index.php?rest_route=\/wp\/v2\/posts"}],"about":[{"href":"https:\/\/indeks.bilten.mk\/index.php?rest_route=\/wp\/v2\/types\/post"}],"author":[{"embeddable":true,"href":"https:\/\/indeks.bilten.mk\/index.php?rest_route=\/wp\/v2\/users\/14"}],"replies":[{"embeddable":true,"href":"https:\/\/indeks.bilten.mk\/index.php?rest_route=%2Fwp%2Fv2%2Fcomments&post=16455"}],"version-history":[{"count":0,"href":"https:\/\/indeks.bilten.mk\/index.php?rest_route=\/wp\/v2\/posts\/16455\/revisions"}],"wp:featuredmedia":[{"embeddable":true,"href":"https:\/\/indeks.bilten.mk\/index.php?rest_route=\/wp\/v2\/media\/16456"}],"wp:attachment":[{"href":"https:\/\/indeks.bilten.mk\/index.php?rest_route=%2Fwp%2Fv2%2Fmedia&parent=16455"}],"wp:term":[{"taxonomy":"category","embeddable":true,"href":"https:\/\/indeks.bilten.mk\/index.php?rest_route=%2Fwp%2Fv2%2Fcategories&post=16455"},{"taxonomy":"post_tag","embeddable":true,"href":"https:\/\/indeks.bilten.mk\/index.php?rest_route=%2Fwp%2Fv2%2Ftags&post=16455"}],"curies":[{"name":"wp","href":"https:\/\/api.w.org\/{rel}","templated":true}]}}