{"id":16464,"date":"2023-09-15T14:31:32","date_gmt":"2023-09-15T12:31:32","guid":{"rendered":"https:\/\/indeks.mk\/?p=16464"},"modified":"2023-09-15T14:31:32","modified_gmt":"2023-09-15T12:31:32","slug":"grubi-ne-fefsh-miqte-tane-nderkombetare-na-inkurajojne-qe-te-jemi-pjese-e-be-se-ta-sjellim-europen-me-prane-qytetareve","status":"publish","type":"post","link":"https:\/\/indeks.bilten.mk\/?p=16464","title":{"rendered":"Grubi n\u00eb FEFSH: Miqt\u00eb tan\u00eb nd\u00ebrkomb\u00ebtar\u00eb na inkurajojn\u00eb q\u00eb t\u00eb jemi pjes\u00eb e BE-s\u00eb, ta sjellim europ\u00ebn m\u00eb pran\u00eb qytetar\u00ebve"},"content":{"rendered":"<p style=\"background: white;\"><span style=\"font-size: 11.0pt; color: black;\">Z\u00ebvend\u00ebskryeministri i par\u00eb, Artan Grubi i ftuar n\u00eb ngjarjen Forumi Ekonomik dhe Financiar n\u00eb Shkup (FEFSH), pjes\u00ebmarr\u00ebs n\u00eb panelin \u201cEuropa &#8211; Po, Europa Tash\u201d Paneli 3 \u2013 Gjeopolitika, Krijimi i Politikave dhe Financat\u201d, tha se Maqedonia e Veriut sfid\u00eb aktuale e ka an\u00ebtar\u00ebsimin n\u00eb Bashkimin Europian, duke u shprehur opitimist p\u00ebr realizimin e k\u00ebsaj sfide me sukses.<\/span><\/p>\n<p style=\"background: white;\"><span style=\"font-size: 11.0pt; color: black;\">Grubi n\u00eb m\u00ebnyr\u00eb kronologjike deklaroi se Maqedonia e Veriut ka arritur nd\u00ebr vite t\u00eb n\u00ebnshkruaj marr\u00ebveshje q\u00eb kan\u00eb siguruar paqen, barazin\u00eb dhe sigurin\u00eb e vendit dhe qytetar\u00ebve t\u00eb saj. <\/span><\/p>\n<p style=\"background: white;\"><span style=\"font-size: 11.0pt; color: black;\">\u201c<\/span><span style=\"font-size: 11.0pt;\">K\u00ebnaq\u00ebsi q\u00eb ju shoh t\u00eb gjith\u00ebv\u00eb sot k\u00ebtu. Jemi drejt nj\u00eb rruge q\u00eb duhet t\u00eb integrohet vendi yn\u00eb n\u00eb Bashkimin Europian, ndaj p\u00ebr k\u00ebt\u00eb kemi p\u00ebrkrahjen e Shteteve t\u00eb Bashkuara t\u00eb Amerik\u00ebs, vendeve mike, misioner\u00ebve t\u00eb huaj n\u00eb vendin ton\u00eb, por edhe vet\u00eb BE-n\u00eb q\u00eb vazhdimisht po na inkurajojn\u00eb q\u00eb t\u00eb jemi pjes\u00eb e Unionit Europian. Vendi jon\u00eb nj\u00eb amrr\u00ebveshje kryesore at\u00eb t\u00eb vitit 2001 e ka kaluar me sukses, me \u00e7\u2019rast me ndihm\u00ebn e miqve nd\u00ebrkomb\u00ebtar\u00eb u arrit nj\u00eb marr\u00ebveshje paqeje. Ky ishte hapi i par\u00eb, nd\u00ebrsa i dyti an\u00ebtar\u00ebsimi n\u00eb NATO q\u00eb poashtu u arrit duke na fuqizuar dhe inkurajuar miqt\u00eb tan\u00eb europian dhe pro-perendimor. Tani si\u00e7 jemi an\u00ebtar\u00eb n\u00eb NATO, shohim se jemi nj\u00eb shtet stabil, i sigurt\u00eb dhe vend i paqes, ndaj tani e kemi sfid\u00ebn e tret\u00eb, hapii tret\u00eb \u00ebsht\u00eb an\u00ebtar\u00ebsimi i vendit n\u00eb BE. Gjykuar nga e kaluara kur kemi sjell\u00eb vendime madhore, ka pasur edhe rezist\u00ebnc\u00eb nga disa parti politike, p\u00ebr k\u00ebt\u00eb shkak pozita ime dhe BDI jemi t\u00eb p\u00ebrkushtuar t\u00eb arrijm\u00eb procesin final dhe t\u00eb arrijm\u00eb synimin p\u00ebr shtetin dhe vendin. Ta afrojm\u00eb europen tek qytetar\u00ebt tan\u00eb dhe t\u00eb ndalojm\u00eb largimin e njer\u00ebzve nga vendi, t\u00eb krijojm\u00eb edhe k\u00ebtu standarde dhe mir\u00ebqenie p\u00ebr qytetar\u00ebt tan\u00eb\u201d, deklaroi Grubi.<\/span><\/p>\n","protected":false},"excerpt":{"rendered":"<p>Z\u00ebvend\u00ebskryeministri i par\u00eb, Artan Grubi i ftuar n\u00eb ngjarjen Forumi Ekonomik dhe Financiar n\u00eb Shkup (FEFSH), pjes\u00ebmarr\u00ebs n\u00eb panelin \u201cEuropa &#8211; Po, Europa Tash\u201d Paneli<\/p>\n","protected":false},"author":14,"featured_media":16465,"comment_status":"open","ping_status":"open","sticky":false,"template":"","format":"standard","meta":{"footnotes":""},"categories":[44],"tags":[],"class_list":["post-16464","post","type-post","status-publish","format-standard","has-post-thumbnail","hentry","category-maqedoni"],"_links":{"self":[{"href":"https:\/\/indeks.bilten.mk\/index.php?rest_route=\/wp\/v2\/posts\/16464","targetHints":{"allow":["GET"]}}],"collection":[{"href":"https:\/\/indeks.bilten.mk\/index.php?rest_route=\/wp\/v2\/posts"}],"about":[{"href":"https:\/\/indeks.bilten.mk\/index.php?rest_route=\/wp\/v2\/types\/post"}],"author":[{"embeddable":true,"href":"https:\/\/indeks.bilten.mk\/index.php?rest_route=\/wp\/v2\/users\/14"}],"replies":[{"embeddable":true,"href":"https:\/\/indeks.bilten.mk\/index.php?rest_route=%2Fwp%2Fv2%2Fcomments&post=16464"}],"version-history":[{"count":0,"href":"https:\/\/indeks.bilten.mk\/index.php?rest_route=\/wp\/v2\/posts\/16464\/revisions"}],"wp:featuredmedia":[{"embeddable":true,"href":"https:\/\/indeks.bilten.mk\/index.php?rest_route=\/wp\/v2\/media\/16465"}],"wp:attachment":[{"href":"https:\/\/indeks.bilten.mk\/index.php?rest_route=%2Fwp%2Fv2%2Fmedia&parent=16464"}],"wp:term":[{"taxonomy":"category","embeddable":true,"href":"https:\/\/indeks.bilten.mk\/index.php?rest_route=%2Fwp%2Fv2%2Fcategories&post=16464"},{"taxonomy":"post_tag","embeddable":true,"href":"https:\/\/indeks.bilten.mk\/index.php?rest_route=%2Fwp%2Fv2%2Ftags&post=16464"}],"curies":[{"name":"wp","href":"https:\/\/api.w.org\/{rel}","templated":true}]}}