{"id":16467,"date":"2023-09-15T14:36:31","date_gmt":"2023-09-15T12:36:31","guid":{"rendered":"https:\/\/indeks.mk\/?p=16467"},"modified":"2023-09-15T14:36:31","modified_gmt":"2023-09-15T12:36:31","slug":"alberie-hadergjonaj-sot-feston-ditelindjen-ja-sa-vite-mbush","status":"publish","type":"post","link":"https:\/\/indeks.bilten.mk\/?p=16467","title":{"rendered":"Alb\u00ebrie Had\u00ebrgjonaj sot feston dit\u00eblindjen, ja sa vite mbush"},"content":{"rendered":"<p><strong>Alb\u00ebria Had\u00ebrgjonaj \u00ebsht\u00eb nj\u00eb nga k\u00ebng\u00ebtaret me karrier\u00ebn m\u00eb t\u00eb gjat\u00eb muzikore.<\/strong><\/p>\n<p>Ajo nisi t\u00eb k\u00ebndonte q\u00eb n\u00eb mosh\u00ebn 16-vje\u00e7e, dhe sot feston dit\u00eblindjen e saj.<\/p>\n<div id=\"kosov-243665151\" class=\"kosov-mes-artikulli3-300x250\">\n<div id=\"M161593ScriptRootC1283131\">Had\u00ebrgjonaj mbushi plot\u00eb 48 vite jet\u00eb .<\/div>\n<\/div>\n<p><img loading=\"lazy\" decoding=\"async\" class=\"alignnone size-full wp-image-499640\" src=\"https:\/\/i0.wp.com\/www.kosovarja-ks.com\/wp-content\/uploads\/2023\/09\/alberije_hadergjonaj_315993200_1089927795039931_4563103946035807330_n.jpg?resize=1080%2C1348&amp;ssl=1\" sizes=\"auto, (max-width: 1000px) 100vw, 1000px\" srcset=\"https:\/\/i0.wp.com\/www.kosovarja-ks.com\/wp-content\/uploads\/2023\/09\/alberije_hadergjonaj_315993200_1089927795039931_4563103946035807330_n.jpg?w=1080&amp;ssl=1 1080w, https:\/\/i0.wp.com\/www.kosovarja-ks.com\/wp-content\/uploads\/2023\/09\/alberije_hadergjonaj_315993200_1089927795039931_4563103946035807330_n.jpg?resize=240%2C300&amp;ssl=1 240w, https:\/\/i0.wp.com\/www.kosovarja-ks.com\/wp-content\/uploads\/2023\/09\/alberije_hadergjonaj_315993200_1089927795039931_4563103946035807330_n.jpg?resize=820%2C1024&amp;ssl=1 820w, https:\/\/i0.wp.com\/www.kosovarja-ks.com\/wp-content\/uploads\/2023\/09\/alberije_hadergjonaj_315993200_1089927795039931_4563103946035807330_n.jpg?resize=768%2C959&amp;ssl=1 768w, https:\/\/i0.wp.com\/www.kosovarja-ks.com\/wp-content\/uploads\/2023\/09\/alberije_hadergjonaj_315993200_1089927795039931_4563103946035807330_n.jpg?resize=750%2C936&amp;ssl=1 750w\" alt=\"\" width=\"1080\" height=\"1348\" data-recalc-dims=\"1\" \/>Ajo mori urime t\u00eb shumta nga ndjek\u00ebs dhe adhurues t\u00eb saj n\u00eb rrjete sociale, shkruan \u201cKosovarja\u201d.<\/p>\n<div id=\"kosov-13389127\" class=\"kosov-artikull-i-sponzorizuar\">\n<div id=\"M161593ScriptRootC973843\"><\/div>\n<\/div>\n","protected":false},"excerpt":{"rendered":"<p>Alb\u00ebria Had\u00ebrgjonaj \u00ebsht\u00eb nj\u00eb nga k\u00ebng\u00ebtaret me karrier\u00ebn m\u00eb t\u00eb gjat\u00eb muzikore. Ajo nisi t\u00eb k\u00ebndonte q\u00eb n\u00eb mosh\u00ebn 16-vje\u00e7e, dhe sot feston dit\u00eblindjen e<\/p>\n","protected":false},"author":14,"featured_media":16468,"comment_status":"open","ping_status":"open","sticky":false,"template":"","format":"standard","meta":{"footnotes":""},"categories":[49],"tags":[],"class_list":["post-16467","post","type-post","status-publish","format-standard","has-post-thumbnail","hentry","category-showbiz"],"_links":{"self":[{"href":"https:\/\/indeks.bilten.mk\/index.php?rest_route=\/wp\/v2\/posts\/16467","targetHints":{"allow":["GET"]}}],"collection":[{"href":"https:\/\/indeks.bilten.mk\/index.php?rest_route=\/wp\/v2\/posts"}],"about":[{"href":"https:\/\/indeks.bilten.mk\/index.php?rest_route=\/wp\/v2\/types\/post"}],"author":[{"embeddable":true,"href":"https:\/\/indeks.bilten.mk\/index.php?rest_route=\/wp\/v2\/users\/14"}],"replies":[{"embeddable":true,"href":"https:\/\/indeks.bilten.mk\/index.php?rest_route=%2Fwp%2Fv2%2Fcomments&post=16467"}],"version-history":[{"count":0,"href":"https:\/\/indeks.bilten.mk\/index.php?rest_route=\/wp\/v2\/posts\/16467\/revisions"}],"wp:featuredmedia":[{"embeddable":true,"href":"https:\/\/indeks.bilten.mk\/index.php?rest_route=\/wp\/v2\/media\/16468"}],"wp:attachment":[{"href":"https:\/\/indeks.bilten.mk\/index.php?rest_route=%2Fwp%2Fv2%2Fmedia&parent=16467"}],"wp:term":[{"taxonomy":"category","embeddable":true,"href":"https:\/\/indeks.bilten.mk\/index.php?rest_route=%2Fwp%2Fv2%2Fcategories&post=16467"},{"taxonomy":"post_tag","embeddable":true,"href":"https:\/\/indeks.bilten.mk\/index.php?rest_route=%2Fwp%2Fv2%2Ftags&post=16467"}],"curies":[{"name":"wp","href":"https:\/\/api.w.org\/{rel}","templated":true}]}}