{"id":16470,"date":"2023-09-15T14:38:45","date_gmt":"2023-09-15T12:38:45","guid":{"rendered":"https:\/\/indeks.mk\/?p=16470"},"modified":"2023-09-15T14:38:45","modified_gmt":"2023-09-15T12:38:45","slug":"tayna-ngrit-temperaturat-ne-foton-e-fundit","status":"publish","type":"post","link":"https:\/\/indeks.bilten.mk\/?p=16470","title":{"rendered":"Tayna ngrit temperaturat n\u00eb foton e fundit!"},"content":{"rendered":"<p><strong>Tayna ka disa dit\u00eb q\u00eb po shijon\u00eb pushimet e saj luksoze.<\/strong><\/p>\n<p>Teksa \u00ebsht\u00eb b\u00ebr\u00eb me r\u00ebr\u00eb n\u00eb k\u00ebmb\u00eb, k\u00ebng\u00ebtarja poston foto n\u00eb Instastory, shkruan Kosovarja.<\/p>\n<p>Ajo q\u00eb merr v\u00ebmendje \u00ebsht\u00eb linja e trupit n\u00eb bikini e q\u00eb po duket n\u00eb top form\u00eb.<\/p>\n<p>N\u00ebn hijen e diellit Tayna duket tejet t\u00ebrheq\u00ebse dhe provokative n\u00eb foton e fundit.<\/p>\n<p><img loading=\"lazy\" decoding=\"async\" class=\"alignleft size-full wp-image-499539\" src=\"https:\/\/i0.wp.com\/www.kosovarja-ks.com\/wp-content\/uploads\/2023\/09\/Screenshot-29-11.png?resize=505%2C878&amp;ssl=1\" sizes=\"auto, (max-width: 505px) 100vw, 505px\" srcset=\"https:\/\/i0.wp.com\/www.kosovarja-ks.com\/wp-content\/uploads\/2023\/09\/Screenshot-29-11.png?w=505&amp;ssl=1 505w, https:\/\/i0.wp.com\/www.kosovarja-ks.com\/wp-content\/uploads\/2023\/09\/Screenshot-29-11.png?resize=173%2C300&amp;ssl=1 173w\" alt=\"\" width=\"505\" height=\"878\" data-pin-no-hover=\"true\" \/><\/p>\n","protected":false},"excerpt":{"rendered":"<p>Tayna ka disa dit\u00eb q\u00eb po shijon\u00eb pushimet e saj luksoze. Teksa \u00ebsht\u00eb b\u00ebr\u00eb me r\u00ebr\u00eb n\u00eb k\u00ebmb\u00eb, k\u00ebng\u00ebtarja poston foto n\u00eb Instastory, shkruan Kosovarja.<\/p>\n","protected":false},"author":14,"featured_media":0,"comment_status":"open","ping_status":"open","sticky":false,"template":"","format":"standard","meta":{"footnotes":""},"categories":[49],"tags":[],"class_list":["post-16470","post","type-post","status-publish","format-standard","hentry","category-showbiz"],"_links":{"self":[{"href":"https:\/\/indeks.bilten.mk\/index.php?rest_route=\/wp\/v2\/posts\/16470","targetHints":{"allow":["GET"]}}],"collection":[{"href":"https:\/\/indeks.bilten.mk\/index.php?rest_route=\/wp\/v2\/posts"}],"about":[{"href":"https:\/\/indeks.bilten.mk\/index.php?rest_route=\/wp\/v2\/types\/post"}],"author":[{"embeddable":true,"href":"https:\/\/indeks.bilten.mk\/index.php?rest_route=\/wp\/v2\/users\/14"}],"replies":[{"embeddable":true,"href":"https:\/\/indeks.bilten.mk\/index.php?rest_route=%2Fwp%2Fv2%2Fcomments&post=16470"}],"version-history":[{"count":0,"href":"https:\/\/indeks.bilten.mk\/index.php?rest_route=\/wp\/v2\/posts\/16470\/revisions"}],"wp:attachment":[{"href":"https:\/\/indeks.bilten.mk\/index.php?rest_route=%2Fwp%2Fv2%2Fmedia&parent=16470"}],"wp:term":[{"taxonomy":"category","embeddable":true,"href":"https:\/\/indeks.bilten.mk\/index.php?rest_route=%2Fwp%2Fv2%2Fcategories&post=16470"},{"taxonomy":"post_tag","embeddable":true,"href":"https:\/\/indeks.bilten.mk\/index.php?rest_route=%2Fwp%2Fv2%2Ftags&post=16470"}],"curies":[{"name":"wp","href":"https:\/\/api.w.org\/{rel}","templated":true}]}}