{"id":16475,"date":"2023-09-15T14:43:08","date_gmt":"2023-09-15T12:43:08","guid":{"rendered":"https:\/\/indeks.mk\/?p=16475"},"modified":"2023-09-15T14:43:08","modified_gmt":"2023-09-15T12:43:08","slug":"instagram-po-sjell-opsionin-qe-e-kemi-kerkuar-prej-kohesh","status":"publish","type":"post","link":"https:\/\/indeks.bilten.mk\/?p=16475","title":{"rendered":"Instagram po sjell opsionin q\u00eb e kemi k\u00ebrkuar prej koh\u00ebsh"},"content":{"rendered":"<p><strong>P\u00ebrdoruesit e Instagram jan\u00eb ankuar prej koh\u00ebsh p\u00ebr faktin q\u00eb rrjeti social t\u00eb jep pak mund\u00ebsi p\u00ebr t\u00eb publikuar informacione personale.<\/strong><\/p>\n<p>P\u00ebr k\u00ebt\u00eb arsye, platforma po teston nj\u00eb opsion t\u00eb ri, i cili ju lejon t\u00eb ndani postime n\u00eb feed (kryefaqe) vet\u00ebm p\u00ebr \u201cClose Friends\u201d (miqt\u00eb e ngusht\u00eb).<\/p>\n<p>Instagram konfirmoi p\u00ebr TechCrunch se po e teston k\u00ebt\u00eb ve\u00e7ori n\u00eb disa vende, por nuk specifikoi se ku.<\/p>\n<p>\u201cNe po testojm\u00eb mund\u00ebsin\u00eb q\u00eb njer\u00ebzit n\u00eb vende t\u00eb zgjedhura t\u00eb ndajn\u00eb postimet n\u00eb feed me miqt\u00eb e tyre t\u00eb ngusht\u00eb. Ne jemi gjithmon\u00eb duke par\u00eb m\u00ebnyra t\u00eb reja q\u00eb komuniteti yn\u00eb t\u00eb shprehet dhe t\u00eb lidhet n\u00eb Instagram,\u201d tha nj\u00eb z\u00ebdh\u00ebn\u00ebs i Meta.<\/p>\n<div class=\"twitter-tweet twitter-tweet-rendered\"><iframe id=\"twitter-widget-0\" class=\"\" title=\"Twitter Tweet\" src=\"https:\/\/platform.twitter.com\/embed\/Tweet.html?creatorScreenName=kosovarja_ks&amp;dnt=true&amp;embedId=twitter-widget-0&amp;features=eyJ0ZndfdGltZWxpbmVfbGlzdCI6eyJidWNrZXQiOltdLCJ2ZXJzaW9uIjpudWxsfSwidGZ3X2ZvbGxvd2VyX2NvdW50X3N1bnNldCI6eyJidWNrZXQiOnRydWUsInZlcnNpb24iOm51bGx9LCJ0ZndfdHdlZXRfZWRpdF9iYWNrZW5kIjp7ImJ1Y2tldCI6Im9uIiwidmVyc2lvbiI6bnVsbH0sInRmd19yZWZzcmNfc2Vzc2lvbiI6eyJidWNrZXQiOiJvbiIsInZlcnNpb24iOm51bGx9LCJ0ZndfZm9zbnJfc29mdF9pbnRlcnZlbnRpb25zX2VuYWJsZWQiOnsiYnVja2V0Ijoib24iLCJ2ZXJzaW9uIjpudWxsfSwidGZ3X21peGVkX21lZGlhXzE1ODk3Ijp7ImJ1Y2tldCI6InRyZWF0bWVudCIsInZlcnNpb24iOm51bGx9LCJ0ZndfZXhwZXJpbWVudHNfY29va2llX2V4cGlyYXRpb24iOnsiYnVja2V0IjoxMjA5NjAwLCJ2ZXJzaW9uIjpudWxsfSwidGZ3X3Nob3dfYmlyZHdhdGNoX3Bpdm90c19lbmFibGVkIjp7ImJ1Y2tldCI6Im9uIiwidmVyc2lvbiI6bnVsbH0sInRmd19kdXBsaWNhdGVfc2NyaWJlc190b19zZXR0aW5ncyI6eyJidWNrZXQiOiJvbiIsInZlcnNpb24iOm51bGx9LCJ0ZndfdXNlX3Byb2ZpbGVfaW1hZ2Vfc2hhcGVfZW5hYmxlZCI6eyJidWNrZXQiOiJvbiIsInZlcnNpb24iOm51bGx9LCJ0ZndfdmlkZW9faGxzX2R5bmFtaWNfbWFuaWZlc3RzXzE1MDgyIjp7ImJ1Y2tldCI6InRydWVfYml0cmF0ZSIsInZlcnNpb24iOm51bGx9LCJ0ZndfbGVnYWN5X3RpbWVsaW5lX3N1bnNldCI6eyJidWNrZXQiOnRydWUsInZlcnNpb24iOm51bGx9LCJ0ZndfdHdlZXRfZWRpdF9mcm9udGVuZCI6eyJidWNrZXQiOiJvbiIsInZlcnNpb24iOm51bGx9fQ%3D%3D&amp;frame=false&amp;hideCard=false&amp;hideThread=false&amp;id=1698724167775043650&amp;lang=en&amp;origin=https%3A%2F%2Fwww.kosovarja-ks.com%2Finstagram-po-sjell-opsionin-qe-e-kemi-kerkuar-prej-kohesh%2F&amp;sessionId=761d5d959bee255699ac644219cde9d9e7f13137&amp;siteScreenName=kosovarja_ks&amp;theme=light&amp;widgetsVersion=aaf4084522e3a%3A1674595607486&amp;width=500px\" frameborder=\"0\" scrolling=\"no\" allowfullscreen=\"allowfullscreen\" data-mce-fragment=\"1\"><\/iframe><\/div>\n<blockquote class=\"twitter-tweet\" data-width=\"500\" data-dnt=\"true\" data-twitter-extracted-i1694781737561873176=\"true\">\n<p dir=\"ltr\" lang=\"en\">Coming to Instagram\u00a0\ud83d\udd25\u00a0Close Friends feed post. It\u2019s been spotted by someone posting in the UK<\/p>\n<p>This would be one way to get people off Stories and out of DMs \u2014 create a Close Friends feed experience<\/p>\n<p>h\/t\u00a0<a href=\"https:\/\/twitter.com\/jordLS?ref_src=twsrc%5Etfw\">@jordLS<\/a>\u00a0<a href=\"https:\/\/t.co\/BBp0uDpJnF\">pic.twitter.com\/BBp0uDpJnF<\/a><\/p>\n<p>\u2014 Lia Haberman (@liahaberman)\u00a0<a href=\"https:\/\/twitter.com\/liahaberman\/status\/1698724167775043650?ref_src=twsrc%5Etfw\">September 4, 2023<\/a><\/p><\/blockquote>\n","protected":false},"excerpt":{"rendered":"<p>P\u00ebrdoruesit e Instagram jan\u00eb ankuar prej koh\u00ebsh p\u00ebr faktin q\u00eb rrjeti social t\u00eb jep pak mund\u00ebsi p\u00ebr t\u00eb publikuar informacione personale. P\u00ebr k\u00ebt\u00eb arsye, platforma<\/p>\n","protected":false},"author":14,"featured_media":0,"comment_status":"open","ping_status":"open","sticky":false,"template":"","format":"standard","meta":{"footnotes":""},"categories":[54],"tags":[],"class_list":["post-16475","post","type-post","status-publish","format-standard","hentry","category-indeks"],"_links":{"self":[{"href":"https:\/\/indeks.bilten.mk\/index.php?rest_route=\/wp\/v2\/posts\/16475","targetHints":{"allow":["GET"]}}],"collection":[{"href":"https:\/\/indeks.bilten.mk\/index.php?rest_route=\/wp\/v2\/posts"}],"about":[{"href":"https:\/\/indeks.bilten.mk\/index.php?rest_route=\/wp\/v2\/types\/post"}],"author":[{"embeddable":true,"href":"https:\/\/indeks.bilten.mk\/index.php?rest_route=\/wp\/v2\/users\/14"}],"replies":[{"embeddable":true,"href":"https:\/\/indeks.bilten.mk\/index.php?rest_route=%2Fwp%2Fv2%2Fcomments&post=16475"}],"version-history":[{"count":0,"href":"https:\/\/indeks.bilten.mk\/index.php?rest_route=\/wp\/v2\/posts\/16475\/revisions"}],"wp:attachment":[{"href":"https:\/\/indeks.bilten.mk\/index.php?rest_route=%2Fwp%2Fv2%2Fmedia&parent=16475"}],"wp:term":[{"taxonomy":"category","embeddable":true,"href":"https:\/\/indeks.bilten.mk\/index.php?rest_route=%2Fwp%2Fv2%2Fcategories&post=16475"},{"taxonomy":"post_tag","embeddable":true,"href":"https:\/\/indeks.bilten.mk\/index.php?rest_route=%2Fwp%2Fv2%2Ftags&post=16475"}],"curies":[{"name":"wp","href":"https:\/\/api.w.org\/{rel}","templated":true}]}}