{"id":16483,"date":"2023-09-15T17:32:06","date_gmt":"2023-09-15T15:32:06","guid":{"rendered":"https:\/\/indeks.mk\/?p=16483"},"modified":"2023-09-15T17:32:06","modified_gmt":"2023-09-15T15:32:06","slug":"jeton-shaqiri-jep-edhe-nje-lajm-te-mire-per-nxenesit-shqiptar-te-velesit","status":"publish","type":"post","link":"https:\/\/indeks.bilten.mk\/?p=16483","title":{"rendered":"Jeton Shaqiri jep edhe nj\u00eb lajm t\u00eb mir\u00eb p\u00ebr nx\u00ebn\u00ebsit shqiptar t\u00eb Velesit"},"content":{"rendered":"<p>Ministri i Arsimit Jeton Shaqiri sot ka njoftuar p\u00ebr p\u00eblqimin e dh\u00ebn\u00eb n\u00eb lidhje me funksionimin e paraleles n\u00eb gjuh\u00ebn shqipe n\u00eb SHMK Jov\u00e7e Tesli\u00e7kov n\u00eb qytetin e Velesit.<\/p>\n<p>P\u00ebrve\u00e7 paraleles s\u00eb hapur n\u00eb gjuh\u00ebn shqipe n\u00eb SHMK Ko\u00e7o Racin, sot i bashkangjetet edhe paralelja n\u00eb gjuh\u00ebn shqipe n\u00eb SHMK Jov\u00e7e Tesli\u00e7kov n\u00eb Veles, e cila sh\u00ebnon realizimin e t\u00eb drejt\u00ebs t\u00eb \u00e7do kujt q\u00eb ta ndjeki m\u00ebsimin n\u00eb gjuh\u00ebn e tij amtare.<\/p>\n<p>Ministri i Arsimit Jeton Shqiri theksoi se n\u00eb m\u00ebsimin n\u00eb k\u00ebt\u00eb paralele do t\u00eb ken\u00eb mund\u00ebsi ta ndjekin t\u00eb gjitj\u00eb nx\u00ebn\u00ebsit q\u00eb do t\u00eb zgjedhin drjerimin Ekonomik.<\/p>\n<p>Statusi i plot\u00eb:<\/p>\n<p>\u201cPo e p\u00ebrmbylli jav\u00ebn e pun\u00ebs edhe me nj\u00eb lajm t\u00eb bukur p\u00ebr Velesin.<br \/>\nSot dhash p\u00eblqimin p\u00ebr funksionimin e paraleses n\u00eb gjuh\u00ebn shqipe n\u00eb SHMK Jov\u00e7e Tesli\u00e7kov n\u00eb Veles.<\/p>\n<p>N\u00eb at\u00eb paralele m\u00ebsimin do ta ndjekin nx\u00ebn\u00ebsit t\u00eb cil\u00ebt kan\u00eb zgjedhur drejtimin ekonomik n\u00eb k\u00ebt\u00eb shkoll\u00eb. Tju rikujtojm\u00eb q\u00eb koh\u00eb m\u00eb par\u00eb nj\u00eb paralele n\u00eb gjuh\u00ebn shqipe u hap edhe n\u00eb SHMK Ko\u00e7o Racin gjithashtu n\u00eb Veles drejtimi gjimnaz I p\u00ebrgjithsh\u00ebm.<\/p>\n<p>Jeta multietnike, e drejta p\u00ebr m\u00ebsim n\u00eb gjuh\u00ebn amtare dhe bashk\u00ebjetesa patjet\u00ebr t\u00eb jen\u00eb kryefjala e secilit pjes\u00ebmar\u00ebs n\u00eb shoq\u00ebri q\u00eb do t\u00eb jet\u00eb shembull p\u00ebr gjeneratat e ardhshme.<\/p>\n<p>Ju uroj suksese nx\u00ebn\u00ebsve, me shpres\u00eb q\u00eb do na d\u00ebshmojn\u00eb se ia vlen p\u00ebrpjekja p\u00ebr t\u2019u siguruar m\u00ebsimin n\u00eb gjuh\u00ebn amtare dhe se prej tyre do t\u00eb presim t\u00eb b\u00ebhen ekonomist profesionist\u201d, tha Shaqiri n\u00eb statuain e tij n\u00eb Facebook.<\/p>\n","protected":false},"excerpt":{"rendered":"<p>Ministri i Arsimit Jeton Shaqiri sot ka njoftuar p\u00ebr p\u00eblqimin e dh\u00ebn\u00eb n\u00eb lidhje me funksionimin e paraleles n\u00eb gjuh\u00ebn shqipe n\u00eb SHMK Jov\u00e7e Tesli\u00e7kov<\/p>\n","protected":false},"author":14,"featured_media":0,"comment_status":"open","ping_status":"open","sticky":false,"template":"","format":"standard","meta":{"footnotes":""},"categories":[44],"tags":[],"class_list":["post-16483","post","type-post","status-publish","format-standard","hentry","category-maqedoni"],"_links":{"self":[{"href":"https:\/\/indeks.bilten.mk\/index.php?rest_route=\/wp\/v2\/posts\/16483","targetHints":{"allow":["GET"]}}],"collection":[{"href":"https:\/\/indeks.bilten.mk\/index.php?rest_route=\/wp\/v2\/posts"}],"about":[{"href":"https:\/\/indeks.bilten.mk\/index.php?rest_route=\/wp\/v2\/types\/post"}],"author":[{"embeddable":true,"href":"https:\/\/indeks.bilten.mk\/index.php?rest_route=\/wp\/v2\/users\/14"}],"replies":[{"embeddable":true,"href":"https:\/\/indeks.bilten.mk\/index.php?rest_route=%2Fwp%2Fv2%2Fcomments&post=16483"}],"version-history":[{"count":0,"href":"https:\/\/indeks.bilten.mk\/index.php?rest_route=\/wp\/v2\/posts\/16483\/revisions"}],"wp:attachment":[{"href":"https:\/\/indeks.bilten.mk\/index.php?rest_route=%2Fwp%2Fv2%2Fmedia&parent=16483"}],"wp:term":[{"taxonomy":"category","embeddable":true,"href":"https:\/\/indeks.bilten.mk\/index.php?rest_route=%2Fwp%2Fv2%2Fcategories&post=16483"},{"taxonomy":"post_tag","embeddable":true,"href":"https:\/\/indeks.bilten.mk\/index.php?rest_route=%2Fwp%2Fv2%2Ftags&post=16483"}],"curies":[{"name":"wp","href":"https:\/\/api.w.org\/{rel}","templated":true}]}}