{"id":16485,"date":"2023-09-15T17:37:27","date_gmt":"2023-09-15T15:37:27","guid":{"rendered":"https:\/\/indeks.mk\/?p=16485"},"modified":"2023-09-15T17:37:27","modified_gmt":"2023-09-15T15:37:27","slug":"seff-grubi-kemi-kaluar-plot-sfida-bashke-me-miqte-nderkombetar-synojme-te-arrijme-synimin-e-rradhes","status":"publish","type":"post","link":"https:\/\/indeks.bilten.mk\/?p=16485","title":{"rendered":"SEFF\/ Grubi: Kemi kaluar plot sfida, bashk\u00eb me miqt\u00eb nd\u00ebrkomb\u00ebtar synojm\u00eb t\u00eb arrijm\u00eb synimin e rradh\u00ebs"},"content":{"rendered":"<p>Shkup, 15 shtator \u2013 Z\u00ebvend\u00ebs kryetari i par\u00eb i Qeveris\u00eb dhe minist\u00ebr p\u00ebr Sistem Politik dhe Marr\u00ebdh\u00ebnie Nd\u00ebrmjet Bashk\u00ebsive, z. Artan Grubi sot n\u00ebn organizimin e Ministris\u00eb s\u00eb Financave ishte fol\u00ebs kryesor n\u00eb \u201cSkopje Economic and Finance Forum SEFF \u201823\u201d n\u00eb Panelin e III-t\u00eb \u201cIntegrimi europian dhe prosperiteti ekonomik \u201cEuropa &#8211; Po, Europa Tash\u201d, n\u00eb tem\u00ebn \u201cGjeopolitika, Krijimi i Politikave dhe Financat\u201d.<\/p>\n<p>\u201cK\u00ebnaqesi q\u00eb ju shoh t\u00eb gjith\u00ebv\u00eb sot k\u00ebtu. Jemi drejt nj\u00eb rruge q\u00eb duhet t\u00eb integrohet vendi yn\u00eb n\u00eb Bashkimin Europian, ndaj p\u00ebr k\u00ebt\u00eb kemi p\u00ebrkrahjen e Shteteve t\u00eb Bashkuara t\u00eb Amerik\u00ebs, vendeve mike, misionar\u00ebve t\u00eb huaj n\u00eb vendin ton\u00eb, por edhe vet\u00eb BE-n\u00eb q\u00eb vazhdimisht po na inkurajojn\u00eb q\u00eb t\u00eb jemi pjes\u00eb e Unionit Europian\u201d, theksoi Z\u00ebvend\u00ebs kryetari i par\u00eb i Qeveris\u00eb, z. Grubi.<\/p>\n<p>Sipas tij, po punohet q\u00eb t\u00eb afrohet Europa tek qytetar\u00ebt si dhe t\u00eb vendosen standarde dhe mir\u00ebqenie p\u00ebr qytetar\u00ebt.<\/p>\n<p>\u201cVendi jon\u00eb n\u00ebnshkroi nj\u00eb marr\u00ebveshje kryesore at\u00eb t\u00eb vitit 2001 q\u00eb e ka kaluar me sukses, me \u00e7\u2019rast me ndihm\u00ebn e miqve nd\u00ebrkomb\u00ebtar\u00eb u arrit nj\u00eb marr\u00ebveshje paqeje. Ky ishte hapi i apr\u00eb, nd\u00ebrsa i dyti an\u00ebtar\u00ebsimi n\u00eb NATO q\u00eb poashtu u arrit duke na fuqizuar dhe inkurajuar miqt\u00eb tan\u00eb europian dhe pro-perendimor\u00eb. Tani si\u00e7 jemi an\u00ebtar\u00eb n\u00eb NATO, shohim se jemi nj\u00eb shtet stabil, i sigurt\u00eb dhe vend i paqes, ndaj tani e kemi sfid\u00ebn e tret\u00eb, hapi i tret\u00eb \u00ebsht\u00eb an\u00ebtar\u00ebsimi i vendit n\u00eb BE. Gjykuar nga e kaluara kur kemi sjell\u00eb vendime madhore, ka pasur edhe rezist\u00ebnc\u00eb nga disa parti politike, p\u00ebr k\u00ebt\u00eb shkak pozita ime dhe e BDI-s\u00eb, jemi t\u00eb p\u00ebrkushtuar t\u00eb arrijm\u00eb procesin final dhe t\u00eb arrijm\u00eb synimin p\u00ebr shtetin dhe vendin. T\u00eb afrojm\u00eb Europ\u00ebn tek qytetar\u00ebt tan\u00eb dhe t\u00eb ndalojm\u00eb largimin e njer\u00ebzve nga vendi, t\u00eb krijojm\u00eb edhe k\u00ebtu standarde dhe mir\u00ebqenie p\u00ebr qytetar\u00ebt tan\u00eb\u201d, vler\u00ebsoi p\u00ebr fund Grubi.<\/p>\n<p><iframe loading=\"lazy\" src=\"https:\/\/www.facebook.com\/plugins\/post.php?href=https%3A%2F%2Fwww.facebook.com%2FArtanGrubi%2Fposts%2Fpfbid02mKv71KxuFJeGhfhj684sXQFDtrDqqyuPdwfXZmQkv8qtpFZtUDqr1ygPBWNqaPHbl&#038;show_text=true&#038;width=500\" width=\"500\" height=\"753\" style=\"border:none;overflow:hidden\" scrolling=\"no\" frameborder=\"0\" allowfullscreen=\"true\" allow=\"autoplay; clipboard-write; encrypted-media; picture-in-picture; web-share\"><\/iframe><\/p>\n","protected":false},"excerpt":{"rendered":"<p>Shkup, 15 shtator \u2013 Z\u00ebvend\u00ebs kryetari i par\u00eb i Qeveris\u00eb dhe minist\u00ebr p\u00ebr Sistem Politik dhe Marr\u00ebdh\u00ebnie Nd\u00ebrmjet Bashk\u00ebsive, z. Artan Grubi sot n\u00ebn organizimin<\/p>\n","protected":false},"author":14,"featured_media":16486,"comment_status":"open","ping_status":"open","sticky":false,"template":"","format":"standard","meta":{"footnotes":""},"categories":[44],"tags":[],"class_list":["post-16485","post","type-post","status-publish","format-standard","has-post-thumbnail","hentry","category-maqedoni"],"_links":{"self":[{"href":"https:\/\/indeks.bilten.mk\/index.php?rest_route=\/wp\/v2\/posts\/16485","targetHints":{"allow":["GET"]}}],"collection":[{"href":"https:\/\/indeks.bilten.mk\/index.php?rest_route=\/wp\/v2\/posts"}],"about":[{"href":"https:\/\/indeks.bilten.mk\/index.php?rest_route=\/wp\/v2\/types\/post"}],"author":[{"embeddable":true,"href":"https:\/\/indeks.bilten.mk\/index.php?rest_route=\/wp\/v2\/users\/14"}],"replies":[{"embeddable":true,"href":"https:\/\/indeks.bilten.mk\/index.php?rest_route=%2Fwp%2Fv2%2Fcomments&post=16485"}],"version-history":[{"count":0,"href":"https:\/\/indeks.bilten.mk\/index.php?rest_route=\/wp\/v2\/posts\/16485\/revisions"}],"wp:featuredmedia":[{"embeddable":true,"href":"https:\/\/indeks.bilten.mk\/index.php?rest_route=\/wp\/v2\/media\/16486"}],"wp:attachment":[{"href":"https:\/\/indeks.bilten.mk\/index.php?rest_route=%2Fwp%2Fv2%2Fmedia&parent=16485"}],"wp:term":[{"taxonomy":"category","embeddable":true,"href":"https:\/\/indeks.bilten.mk\/index.php?rest_route=%2Fwp%2Fv2%2Fcategories&post=16485"},{"taxonomy":"post_tag","embeddable":true,"href":"https:\/\/indeks.bilten.mk\/index.php?rest_route=%2Fwp%2Fv2%2Ftags&post=16485"}],"curies":[{"name":"wp","href":"https:\/\/api.w.org\/{rel}","templated":true}]}}