{"id":16488,"date":"2023-09-15T19:37:06","date_gmt":"2023-09-15T17:37:06","guid":{"rendered":"https:\/\/indeks.mk\/?p=16488"},"modified":"2023-09-15T19:37:06","modified_gmt":"2023-09-15T17:37:06","slug":"ahmeti-takon-hahn-ta-vazhdojme-rrugen-drejt-be","status":"publish","type":"post","link":"https:\/\/indeks.bilten.mk\/?p=16488","title":{"rendered":"Ahmeti takon Hahn: Ta vazhdojm\u00eb rrug\u00ebn drejt BE"},"content":{"rendered":"<p>Kryetari i Bashkimit Demokratik p\u00ebr Integrim, Ali Ahmeti sot ka takuar Komisionerin europian p\u00ebr Buxhet dhe Administrat\u00eb, Johannes Hahn.<\/p>\n<p>Bashk\u00ebbiseduesit k\u00ebmbyen opinione mbi procesin e skriningut, integrimin europian, reformat n\u00eb administrat\u00eb, ndryshimet kushtetuese, gjendjen n\u00eb rajon si dhe dialogun mes Kosov\u00ebs dhe Serbis\u00eb. <\/p>\n<p>Procesi i skriningut po zhvillohet  sipas parashikimeve nd\u00ebrsa reformat  jan\u00eb proces vijues. <\/p>\n<p>Kryetari Ahmeti foli p\u00ebr Frontin europian si nevoj\u00eb imediate p\u00ebr tejkalimin e pengesave n\u00eb rrug\u00ebtimin integrhes dhe realizimin e ndryshimeve kushtetuese duke shtuat se partit\u00eb politike duhet t\u00eb tejkalojn\u00eb interesat personale dhe n\u00eb fokus t\u00eb vendosin t\u00eb ardhmen e vendit dhe jet\u00ebn e qytetar\u00ebve.<br \/>\nKomisionier Han mb\u00ebshtet pa rezerv\u00eb p\u00ebrpjekjet p\u00ebr reforma dhe integrim europian t\u00eb vendit ton\u00eb. <\/p>\n<p>Bashk\u00ebbiseduesit diskutuan edhe rreth dialogut Kosov\u00ebs dhe Serbis\u00eb, duke apeluar q\u00eb vendet t\u00eb p\u00ebrmbahen marr\u00ebveshjes s\u00eb arritur n\u00eb Oh\u00ebr deri n\u00eb finalizimin e marr\u00ebveshjes s\u00eb plot\u00eb me njohje t\u00eb nd\u00ebrsjell\u00eb.<\/p>\n<p><iframe loading=\"lazy\" src=\"https:\/\/www.facebook.com\/plugins\/post.php?href=https%3A%2F%2Fwww.facebook.com%2FAliAhmetiOfficial%2Fposts%2Fpfbid02n2KkeKDWk7AxSXj5DUfcmo2akfaEUsnaKseEhRuDy1htTAfcxgQVgUN7SnPvranrl&#038;show_text=true&#038;width=500\" width=\"500\" height=\"792\" style=\"border:none;overflow:hidden\" scrolling=\"no\" frameborder=\"0\" allowfullscreen=\"true\" allow=\"autoplay; clipboard-write; encrypted-media; picture-in-picture; web-share\"><\/iframe><\/p>\n","protected":false},"excerpt":{"rendered":"<p>Kryetari i Bashkimit Demokratik p\u00ebr Integrim, Ali Ahmeti sot ka takuar Komisionerin europian p\u00ebr Buxhet dhe Administrat\u00eb, Johannes Hahn. Bashk\u00ebbiseduesit k\u00ebmbyen opinione mbi procesin e<\/p>\n","protected":false},"author":14,"featured_media":16489,"comment_status":"open","ping_status":"open","sticky":false,"template":"","format":"standard","meta":{"footnotes":""},"categories":[44],"tags":[],"class_list":["post-16488","post","type-post","status-publish","format-standard","has-post-thumbnail","hentry","category-maqedoni"],"_links":{"self":[{"href":"https:\/\/indeks.bilten.mk\/index.php?rest_route=\/wp\/v2\/posts\/16488","targetHints":{"allow":["GET"]}}],"collection":[{"href":"https:\/\/indeks.bilten.mk\/index.php?rest_route=\/wp\/v2\/posts"}],"about":[{"href":"https:\/\/indeks.bilten.mk\/index.php?rest_route=\/wp\/v2\/types\/post"}],"author":[{"embeddable":true,"href":"https:\/\/indeks.bilten.mk\/index.php?rest_route=\/wp\/v2\/users\/14"}],"replies":[{"embeddable":true,"href":"https:\/\/indeks.bilten.mk\/index.php?rest_route=%2Fwp%2Fv2%2Fcomments&post=16488"}],"version-history":[{"count":0,"href":"https:\/\/indeks.bilten.mk\/index.php?rest_route=\/wp\/v2\/posts\/16488\/revisions"}],"wp:featuredmedia":[{"embeddable":true,"href":"https:\/\/indeks.bilten.mk\/index.php?rest_route=\/wp\/v2\/media\/16489"}],"wp:attachment":[{"href":"https:\/\/indeks.bilten.mk\/index.php?rest_route=%2Fwp%2Fv2%2Fmedia&parent=16488"}],"wp:term":[{"taxonomy":"category","embeddable":true,"href":"https:\/\/indeks.bilten.mk\/index.php?rest_route=%2Fwp%2Fv2%2Fcategories&post=16488"},{"taxonomy":"post_tag","embeddable":true,"href":"https:\/\/indeks.bilten.mk\/index.php?rest_route=%2Fwp%2Fv2%2Ftags&post=16488"}],"curies":[{"name":"wp","href":"https:\/\/api.w.org\/{rel}","templated":true}]}}