{"id":16491,"date":"2023-09-16T09:48:20","date_gmt":"2023-09-16T07:48:20","guid":{"rendered":"https:\/\/indeks.mk\/?p=16491"},"modified":"2023-09-16T09:48:20","modified_gmt":"2023-09-16T07:48:20","slug":"moti-sot-me-diell-ndersa-pasdite-me-reshje-te-shiut","status":"publish","type":"post","link":"https:\/\/indeks.bilten.mk\/?p=16491","title":{"rendered":"Moti sot me diell, nd\u00ebrsa pasdite me reshje t\u00eb shiut"},"content":{"rendered":"<p>Moti sot do jet\u00eb pjes\u00ebrisht me vran\u00ebsira, me diell dhe jostabil me reshje lokale t\u00eb dendura shiu dhe bubullima, sidomos pasdite. Kryesisht n\u00eb pjes\u00ebt lindore proceset do t\u00eb jen\u00eb lokalisht m\u00eb intensive n\u00eb form\u00eb stuhie me er\u00eb t\u00eb fort\u00eb dhe bresh\u00ebr. <\/p>\n<p>Temperatura minimale do t\u00eb jet\u00eb n\u00eb interval prej 11\u00b0 deri n\u00eb 17\u00b0, nd\u00ebrsa ajo maksimale do t\u00eb arrij nga 22\u00b0 deri n\u00eb 31 grad\u00eb. UV=5<\/p>\n<p>N\u00eb Shkup moti do jet\u00eb pjes\u00ebrisht i vran\u00ebt me periudha me diell, pasdite jostabile n\u00eb pjes\u00eb t\u00eb lugin\u00ebs me reshje t\u00eb rr\u00ebmbyeshme, bubullima dhe p\u00ebrforcim t\u00eb er\u00ebs.<\/p>\n<p>Temperatura minimale do t\u00eb ulet n\u00eb 11\u00b0, nd\u00ebrsa ajo maksimale do t\u00eb arrij deri n\u00eb 31\u00b0.<\/p>\n","protected":false},"excerpt":{"rendered":"<p>Moti sot do jet\u00eb pjes\u00ebrisht me vran\u00ebsira, me diell dhe jostabil me reshje lokale t\u00eb dendura shiu dhe bubullima, sidomos pasdite. Kryesisht n\u00eb pjes\u00ebt lindore<\/p>\n","protected":false},"author":14,"featured_media":0,"comment_status":"open","ping_status":"open","sticky":false,"template":"","format":"standard","meta":{"footnotes":""},"categories":[44],"tags":[],"class_list":["post-16491","post","type-post","status-publish","format-standard","hentry","category-maqedoni"],"_links":{"self":[{"href":"https:\/\/indeks.bilten.mk\/index.php?rest_route=\/wp\/v2\/posts\/16491","targetHints":{"allow":["GET"]}}],"collection":[{"href":"https:\/\/indeks.bilten.mk\/index.php?rest_route=\/wp\/v2\/posts"}],"about":[{"href":"https:\/\/indeks.bilten.mk\/index.php?rest_route=\/wp\/v2\/types\/post"}],"author":[{"embeddable":true,"href":"https:\/\/indeks.bilten.mk\/index.php?rest_route=\/wp\/v2\/users\/14"}],"replies":[{"embeddable":true,"href":"https:\/\/indeks.bilten.mk\/index.php?rest_route=%2Fwp%2Fv2%2Fcomments&post=16491"}],"version-history":[{"count":0,"href":"https:\/\/indeks.bilten.mk\/index.php?rest_route=\/wp\/v2\/posts\/16491\/revisions"}],"wp:attachment":[{"href":"https:\/\/indeks.bilten.mk\/index.php?rest_route=%2Fwp%2Fv2%2Fmedia&parent=16491"}],"wp:term":[{"taxonomy":"category","embeddable":true,"href":"https:\/\/indeks.bilten.mk\/index.php?rest_route=%2Fwp%2Fv2%2Fcategories&post=16491"},{"taxonomy":"post_tag","embeddable":true,"href":"https:\/\/indeks.bilten.mk\/index.php?rest_route=%2Fwp%2Fv2%2Ftags&post=16491"}],"curies":[{"name":"wp","href":"https:\/\/api.w.org\/{rel}","templated":true}]}}