{"id":16493,"date":"2023-09-16T09:49:53","date_gmt":"2023-09-16T07:49:53","guid":{"rendered":"https:\/\/indeks.mk\/?p=16493"},"modified":"2023-09-16T09:49:53","modified_gmt":"2023-09-16T07:49:53","slug":"mariciq-programin-e-ardhshem-ipard-bujqit-nga-rmv-duhet-ta-shfrytezojne-si-qytetare-te-shtetit-anetar-te-be-se","status":"publish","type":"post","link":"https:\/\/indeks.bilten.mk\/?p=16493","title":{"rendered":"Mari\u00e7iq: Programin e ardhsh\u00ebm IPARD, bujqit nga RMV duhet ta shfryt\u00ebzojn\u00eb si qytetar\u00eb t\u00eb shtetit an\u00ebtar t\u00eb BE-s\u00eb"},"content":{"rendered":"<p>Z\u00ebvend\u00ebs kryeministri Bojan Mari\u00e7iq sot q\u00ebndroi p\u00ebr vizit\u00eb pune n\u00eb Prilep, ku para fillimit t\u00eb tribun\u00ebs \u201cNe jemi Evropa\u201d vizitoi fabrik\u00ebn e foragjereve \u201cEKO-MLIN\u201d, shfryt\u00ebzuese e programit IPARD 2.<\/p>\n<p>Gjat\u00eb vizit\u00ebs n\u00eb objektin dhe p\u00ebrmes bised\u00ebs me pronar\u00ebt, Mari\u00e7iq, si\u00e7 informojn\u00eb nga kabineti e tij, ka th\u00ebn\u00eb se BE-ja investon n\u00eb bujq\u00ebsin\u00eb e vendit dhe i p\u00ebrgatit fermer\u00ebt p\u00ebr tregun evropian, duke theksuar se n\u00eb 15 vitet e fundit, me ndihm\u00ebn e fondeve t\u00eb BE-s\u00eb, jan\u00eb b\u00ebr\u00eb investime t\u00eb dukshme n\u00eb modernizimin dhe konsolidimin e prodhimit dhe p\u00ebrpunimit bujq\u00ebsor, afrimin me standarde m\u00eb t\u00eb larta, cil\u00ebsin\u00eb dhe sigurin\u00eb e ushqimit, nd\u00ebrsa p\u00ebrmes mb\u00ebshtetjes s\u00eb Qeveris\u00eb, u sigurua stabilitet i t\u00eb ardhurave t\u00eb prodhuesve.<\/p>\n<p>\u201cMe programin IPARD 2 d\u00ebshmuam pse jemi lider\u00eb n\u00eb rajon dhe se dim\u00eb t\u00eb p\u00ebrdorim n\u00eb m\u00ebnyr\u00eb efektive dhe efikase t\u00eb gjitha fondet q\u00eb Bashkimi Evropian na ka v\u00ebn\u00eb n\u00eb dispozicion. BE-ja e shp\u00ebrblen at\u00eb rr\u00ebfim t\u00eb suksessh\u00ebm dhe e vazhdon at\u00eb me IPARD 3 2021-2027, duke v\u00ebn\u00eb n\u00eb dispozicion 97 milion\u00eb euro fonde t\u00eb pakthyeshme evropiane p\u00ebr investime t\u00eb reja, zhvillim dhe modernizim t\u00eb bujq\u00ebsis\u00eb vendore\u201d, tha Mari\u00e7iq.<\/p>\n<p>Ai, thuhet n\u00eb kumtes\u00eb, shtoi se 30,7 milion\u00eb euro para t\u00eb pakthyeshme evropiane jan\u00eb siguruar n\u00eb kuad\u00ebr t\u00eb programit IPARD 2 p\u00ebr investime n\u00eb vegla themelore p\u00ebr p\u00ebrpunimin dhe tregtimin e produkteve bujq\u00ebsore, p\u00ebr 146 projekte, dhe nj\u00eb nga ato projekte \u00ebsht\u00eb projekti \u201cEKO-MLIN\u201d, e cila mori mb\u00ebshtetje prej shtat\u00eb milion\u00eb denar\u00eb p\u00ebr p\u00ebrmir\u00ebsimin e kapaciteteve prodhuese.<\/p>\n<p>Z\u00ebvend\u00ebs kryeministri, n\u00eb prani t\u00eb ministrit t\u00eb Bujq\u00ebsis\u00eb, Pylltaris\u00eb dhe Ekonomis\u00eb s\u00eb Uj\u00ebrave, Lup\u00e7o Nikollovski dhe drejtorit t\u00eb Agjencis\u00eb p\u00ebr mb\u00ebshtetje financiare n\u00eb bujq\u00ebsi dhe zhvillim rural, p\u00ebrkujtoi se \u00ebsht\u00eb duke u zhvilluar thirrja e par\u00eb nga programi i ri IPARD 3, p\u00ebr masat 1 dhe 7 dhe tha se n\u00eb faz\u00ebn p\u00ebrfundimtare \u00ebsht\u00eb procedura administrative dhe qeveritare p\u00ebr n\u00ebnshkrimin e marr\u00ebveshjes financiare, me \u00e7ka do t\u00eb filloj\u00eb d\u00ebrgesat e aplikacioneve.<\/p>\n","protected":false},"excerpt":{"rendered":"<p>Z\u00ebvend\u00ebs kryeministri Bojan Mari\u00e7iq sot q\u00ebndroi p\u00ebr vizit\u00eb pune n\u00eb Prilep, ku para fillimit t\u00eb tribun\u00ebs \u201cNe jemi Evropa\u201d vizitoi fabrik\u00ebn e foragjereve \u201cEKO-MLIN\u201d, shfryt\u00ebzuese<\/p>\n","protected":false},"author":14,"featured_media":0,"comment_status":"open","ping_status":"open","sticky":false,"template":"","format":"standard","meta":{"footnotes":""},"categories":[44],"tags":[],"class_list":["post-16493","post","type-post","status-publish","format-standard","hentry","category-maqedoni"],"_links":{"self":[{"href":"https:\/\/indeks.bilten.mk\/index.php?rest_route=\/wp\/v2\/posts\/16493","targetHints":{"allow":["GET"]}}],"collection":[{"href":"https:\/\/indeks.bilten.mk\/index.php?rest_route=\/wp\/v2\/posts"}],"about":[{"href":"https:\/\/indeks.bilten.mk\/index.php?rest_route=\/wp\/v2\/types\/post"}],"author":[{"embeddable":true,"href":"https:\/\/indeks.bilten.mk\/index.php?rest_route=\/wp\/v2\/users\/14"}],"replies":[{"embeddable":true,"href":"https:\/\/indeks.bilten.mk\/index.php?rest_route=%2Fwp%2Fv2%2Fcomments&post=16493"}],"version-history":[{"count":0,"href":"https:\/\/indeks.bilten.mk\/index.php?rest_route=\/wp\/v2\/posts\/16493\/revisions"}],"wp:attachment":[{"href":"https:\/\/indeks.bilten.mk\/index.php?rest_route=%2Fwp%2Fv2%2Fmedia&parent=16493"}],"wp:term":[{"taxonomy":"category","embeddable":true,"href":"https:\/\/indeks.bilten.mk\/index.php?rest_route=%2Fwp%2Fv2%2Fcategories&post=16493"},{"taxonomy":"post_tag","embeddable":true,"href":"https:\/\/indeks.bilten.mk\/index.php?rest_route=%2Fwp%2Fv2%2Ftags&post=16493"}],"curies":[{"name":"wp","href":"https:\/\/api.w.org\/{rel}","templated":true}]}}