{"id":16495,"date":"2023-09-16T09:52:30","date_gmt":"2023-09-16T07:52:30","guid":{"rendered":"https:\/\/indeks.mk\/?p=16495"},"modified":"2023-09-16T09:52:30","modified_gmt":"2023-09-16T07:52:30","slug":"prej-javesh-i-shtruar-ne-spital-fatos-nano-feston-sot-ditelindjen-e-71-te","status":"publish","type":"post","link":"https:\/\/indeks.bilten.mk\/?p=16495","title":{"rendered":"Prej jav\u00ebsh i shtruar n\u00eb spital, Fatos Nano feston sot dit\u00eblindjen e 71-t\u00eb"},"content":{"rendered":"<p>Ish-kryeministri Fatos Nano feston sot 71-vjetorin e lindjes.<\/p>\n<p>Ai lindi m\u00eb 16 shtator 1952 dhe u rrit n\u00eb rrug\u00ebn \u201cHoxha Tahsim\u201d n\u00eb Tiran\u00eb.<\/p>\n<p>Lideri historik i PS-s\u00eb  po kalon dit\u00eb t\u00eb v\u00ebshtira n\u00eb spital, p\u00ebr shkak t\u00eb komplikacioneve sh\u00ebndet\u00ebsore n\u00eb mushk\u00ebri q\u00eb kan\u00eb nisur q\u00eb n\u00eb periudh\u00ebn e Covid-19. Prej 29 gushtit, ai ndodhet i shtruar n\u00eb spitalin \u201cHygeia\u201d, por fatmir\u00ebsisht \u00ebsht\u00eb jasht\u00eb rrezikut p\u00ebr jet\u00ebn.<\/p>\n<p>Fatos Nano ka qen\u00eb tre her\u00eb kryeminist\u00ebr i Shqip\u00ebris\u00eb dhe p\u00ebr 14 vjet e 1 muaj kryetar i Partis\u00eb Socialiste. Kjo periudh\u00eb p\u00ebrfshin dhe vitet e burgut, kur socialist\u00ebt vendos\u00ebn ta mbanin at\u00eb kryetar dhe merrnin udh\u00ebzime nga qelia p\u00ebr drejtimin e partis\u00eb.<\/p>\n<p>Ai \u00ebsht\u00eb i pari politikan q\u00eb reformoi Partin\u00eb e Pun\u00ebs duke u zgjedhur kryetar i saj si pasardh\u00ebs i Ramiz Alis\u00eb jo vet\u00ebm duke i ndryshuar emrin nga Partia e Pun\u00ebs s\u00eb Shqip\u00ebris\u00eb n\u00eb Partia Socialiste e Shqip\u00ebris\u00eb, por duke e strukturuar dhe drejtuar at\u00eb me koncept per\u00ebndimor demokratik, nd\u00ebrkoh\u00eb q\u00eb an\u00ebtar\u00ebsia dominohej nga koncepti i vjet\u00ebr bolshevik e lindor.<\/p>\n<p>Fatos Nano \u00ebsht\u00eb gjithashtu i pari politikan i k\u00ebsaj partie q\u00eb mbajti pa t\u00eb drejt\u00eb pesh\u00ebn e p\u00ebrgjegj\u00ebsis\u00eb p\u00ebr komunizmin duke u b\u00ebr\u00eb i pari socialist q\u00eb d\u00ebnoi publikisht nomenklatur\u00ebn komuniste dhe regjimin e Enver Hoxh\u00ebs dhe duke ndryshuar edhe mentalitetin komunist n\u00eb parti.<\/p>\n","protected":false},"excerpt":{"rendered":"<p>Ish-kryeministri Fatos Nano feston sot 71-vjetorin e lindjes. Ai lindi m\u00eb 16 shtator 1952 dhe u rrit n\u00eb rrug\u00ebn \u201cHoxha Tahsim\u201d n\u00eb Tiran\u00eb. Lideri historik<\/p>\n","protected":false},"author":14,"featured_media":15658,"comment_status":"open","ping_status":"open","sticky":false,"template":"","format":"standard","meta":{"footnotes":""},"categories":[45],"tags":[],"class_list":["post-16495","post","type-post","status-publish","format-standard","has-post-thumbnail","hentry","category-rajoni"],"_links":{"self":[{"href":"https:\/\/indeks.bilten.mk\/index.php?rest_route=\/wp\/v2\/posts\/16495","targetHints":{"allow":["GET"]}}],"collection":[{"href":"https:\/\/indeks.bilten.mk\/index.php?rest_route=\/wp\/v2\/posts"}],"about":[{"href":"https:\/\/indeks.bilten.mk\/index.php?rest_route=\/wp\/v2\/types\/post"}],"author":[{"embeddable":true,"href":"https:\/\/indeks.bilten.mk\/index.php?rest_route=\/wp\/v2\/users\/14"}],"replies":[{"embeddable":true,"href":"https:\/\/indeks.bilten.mk\/index.php?rest_route=%2Fwp%2Fv2%2Fcomments&post=16495"}],"version-history":[{"count":0,"href":"https:\/\/indeks.bilten.mk\/index.php?rest_route=\/wp\/v2\/posts\/16495\/revisions"}],"wp:featuredmedia":[{"embeddable":true,"href":"https:\/\/indeks.bilten.mk\/index.php?rest_route=\/wp\/v2\/media\/15658"}],"wp:attachment":[{"href":"https:\/\/indeks.bilten.mk\/index.php?rest_route=%2Fwp%2Fv2%2Fmedia&parent=16495"}],"wp:term":[{"taxonomy":"category","embeddable":true,"href":"https:\/\/indeks.bilten.mk\/index.php?rest_route=%2Fwp%2Fv2%2Fcategories&post=16495"},{"taxonomy":"post_tag","embeddable":true,"href":"https:\/\/indeks.bilten.mk\/index.php?rest_route=%2Fwp%2Fv2%2Ftags&post=16495"}],"curies":[{"name":"wp","href":"https:\/\/api.w.org\/{rel}","templated":true}]}}