{"id":16500,"date":"2023-09-16T10:00:06","date_gmt":"2023-09-16T08:00:06","guid":{"rendered":"https:\/\/indeks.mk\/?p=16500"},"modified":"2023-09-16T10:00:06","modified_gmt":"2023-09-16T08:00:06","slug":"dafina-publikon-fotot-e-para-nga-pushimet-me-te-dashurin","status":"publish","type":"post","link":"https:\/\/indeks.bilten.mk\/?p=16500","title":{"rendered":"Dafina publikon fotot e para nga pushimet me t\u00eb dashurin"},"content":{"rendered":"<p><strong>Dafina Zeqiri u p\u00ebrfol shum\u00eb koh\u00ebve t\u00eb fundit n\u00eb media p\u00ebrshkak t\u00eb lidhjes s\u00eb saj t\u00eb re.<\/strong><\/p>\n<p>Ajo ka nisur pushimet e para me t\u00eb, dhe ka ndar disa Instastory dje p\u00ebr ndjek\u00ebsit.<\/p>\n<p>E, sot e veshur me fustan t\u00eb bardh\u00eb n\u00eb nj\u00eb jaht luksoz publikoj disa foto t\u00eb reja, shkruan Kosovarja.<\/p>\n<p>Menj\u00ebher\u00eb pas postimit morri me mija p\u00eblqime dhe komente pozitive.<\/p>\n<p>Shikoni fotot m\u00eb posht\u00eb<\/p>\n<p><iframe id=\"instagram-embed-0\" class=\"instagram-media instagram-media-rendered\" src=\"https:\/\/www.instagram.com\/p\/CxOQfWBIYHz\/embed\/captioned\/?cr=1&amp;v=14&amp;wp=625&amp;rd=https%3A%2F%2Fwww.kosovarja-ks.com&amp;rp=%2Fdafina-publikon-foto-te-para-nga-pushimet-me-te-dashurin%2F#%7B%22ci%22%3A0%2C%22os%22%3A2308.100000023842%7D\" height=\"942\" frameborder=\"0\" scrolling=\"no\" allowfullscreen=\"allowfullscreen\" data-instgrm-payload-id=\"instagram-media-payload-0\"><\/iframe><\/p>\n<p>&nbsp;<\/p>\n<div id=\"kosov-1214957661\" class=\"kosov-artikull-i-sponzorizuar\">\n<div id=\"M161593ScriptRootC973843_01441\">\n<div id=\"MarketGidComposite973843_01441\">\n<div>\n<div class=\"mgbox\">\n<div class=\"mgheader\"><\/div>\n<\/div>\n<\/div>\n<\/div>\n<\/div>\n<\/div>\n","protected":false},"excerpt":{"rendered":"<p>Dafina Zeqiri u p\u00ebrfol shum\u00eb koh\u00ebve t\u00eb fundit n\u00eb media p\u00ebrshkak t\u00eb lidhjes s\u00eb saj t\u00eb re. Ajo ka nisur pushimet e para me t\u00eb,<\/p>\n","protected":false},"author":14,"featured_media":16501,"comment_status":"open","ping_status":"open","sticky":false,"template":"","format":"standard","meta":{"footnotes":""},"categories":[49],"tags":[],"class_list":["post-16500","post","type-post","status-publish","format-standard","has-post-thumbnail","hentry","category-showbiz"],"_links":{"self":[{"href":"https:\/\/indeks.bilten.mk\/index.php?rest_route=\/wp\/v2\/posts\/16500","targetHints":{"allow":["GET"]}}],"collection":[{"href":"https:\/\/indeks.bilten.mk\/index.php?rest_route=\/wp\/v2\/posts"}],"about":[{"href":"https:\/\/indeks.bilten.mk\/index.php?rest_route=\/wp\/v2\/types\/post"}],"author":[{"embeddable":true,"href":"https:\/\/indeks.bilten.mk\/index.php?rest_route=\/wp\/v2\/users\/14"}],"replies":[{"embeddable":true,"href":"https:\/\/indeks.bilten.mk\/index.php?rest_route=%2Fwp%2Fv2%2Fcomments&post=16500"}],"version-history":[{"count":0,"href":"https:\/\/indeks.bilten.mk\/index.php?rest_route=\/wp\/v2\/posts\/16500\/revisions"}],"wp:featuredmedia":[{"embeddable":true,"href":"https:\/\/indeks.bilten.mk\/index.php?rest_route=\/wp\/v2\/media\/16501"}],"wp:attachment":[{"href":"https:\/\/indeks.bilten.mk\/index.php?rest_route=%2Fwp%2Fv2%2Fmedia&parent=16500"}],"wp:term":[{"taxonomy":"category","embeddable":true,"href":"https:\/\/indeks.bilten.mk\/index.php?rest_route=%2Fwp%2Fv2%2Fcategories&post=16500"},{"taxonomy":"post_tag","embeddable":true,"href":"https:\/\/indeks.bilten.mk\/index.php?rest_route=%2Fwp%2Fv2%2Ftags&post=16500"}],"curies":[{"name":"wp","href":"https:\/\/api.w.org\/{rel}","templated":true}]}}