{"id":16503,"date":"2023-09-16T10:04:51","date_gmt":"2023-09-16T08:04:51","guid":{"rendered":"https:\/\/indeks.mk\/?p=16503"},"modified":"2023-09-16T10:04:51","modified_gmt":"2023-09-16T08:04:51","slug":"nderroi-jete-ne-sexhde-duke-falur-namazin-ne-xhami-sot-i-jepet-lamtumira-e-fundit-afrim-jasharit","status":"publish","type":"post","link":"https:\/\/indeks.bilten.mk\/?p=16503","title":{"rendered":"Nd\u00ebrroi jet\u00eb n\u00eb sexhde duke falur namazin n\u00eb xhami, sot i jepet lamtumira e fundit Afrim Jasharit"},"content":{"rendered":"<p><strong>Mbr\u00ebm\u00eb, u nda nga jeta Afrim Jashari nga Komuna e Podujev\u00ebs, teksa ishte duke i kryer ritet fetare myslimane n\u00eb xhami.<\/strong><\/p>\n<p>Si\u00e7 b\u00ebjn\u00eb t\u00eb ditur familjar\u00ebt, i nj\u00ebjti vdiq posa kishte filluar t\u00eb falej, teksa njoftuan se varrimi i tij do t\u00eb b\u00ebhet sot, m\u00eb 16 shtator n\u00eb ora 17:00, n\u00eb varrezat e fshatit Bellopoj\u00eb n\u00eb Podujev\u00eb.<\/p>\n<p>Nj\u00ebri nga familjar\u00ebt e tij shkroi disa fjali publikisht p\u00ebr tashm\u00eb t\u00eb ndjerin.<\/p>\n<p>\u201cTe Allahut jemi dhe tek Ai eshte kthimi jone!<\/p>\n<p>Familjar dhe miqe, sonte ne namaz te akshamit ne reqatin e pare ia dorezoi shpirtin Krijuesit te Tij, xhaxhai im, Afrim Ramadan Jashari. I lutemi Allahut ta meshiroj, varrin te ia ndriqoj, sprovat e varrit ti kaloj dhe ne xhenetin firdeus te gjitheve te na bashkoj.<\/p>\n<p>Kjo dynja eshte vendi i sprovave, ka shpetu ai i cili e ka kuptu realitetin e kesaj bote para se te i vij vdekja\u2026\u201d, u shpreh ai.<\/p>\n<div class=\"fb-post fb_iframe_widget\" data-href=\"https:\/\/www.facebook.com\/photo.php?fbid=637710788486738&amp;set=a.549931513931333&amp;type=3&amp;ref=embed_post\" data-width=\"552\"><\/div>\n","protected":false},"excerpt":{"rendered":"<p>Mbr\u00ebm\u00eb, u nda nga jeta Afrim Jashari nga Komuna e Podujev\u00ebs, teksa ishte duke i kryer ritet fetare myslimane n\u00eb xhami. Si\u00e7 b\u00ebjn\u00eb t\u00eb ditur<\/p>\n","protected":false},"author":14,"featured_media":16504,"comment_status":"open","ping_status":"open","sticky":false,"template":"","format":"standard","meta":{"footnotes":""},"categories":[54],"tags":[],"class_list":["post-16503","post","type-post","status-publish","format-standard","has-post-thumbnail","hentry","category-indeks"],"_links":{"self":[{"href":"https:\/\/indeks.bilten.mk\/index.php?rest_route=\/wp\/v2\/posts\/16503","targetHints":{"allow":["GET"]}}],"collection":[{"href":"https:\/\/indeks.bilten.mk\/index.php?rest_route=\/wp\/v2\/posts"}],"about":[{"href":"https:\/\/indeks.bilten.mk\/index.php?rest_route=\/wp\/v2\/types\/post"}],"author":[{"embeddable":true,"href":"https:\/\/indeks.bilten.mk\/index.php?rest_route=\/wp\/v2\/users\/14"}],"replies":[{"embeddable":true,"href":"https:\/\/indeks.bilten.mk\/index.php?rest_route=%2Fwp%2Fv2%2Fcomments&post=16503"}],"version-history":[{"count":0,"href":"https:\/\/indeks.bilten.mk\/index.php?rest_route=\/wp\/v2\/posts\/16503\/revisions"}],"wp:featuredmedia":[{"embeddable":true,"href":"https:\/\/indeks.bilten.mk\/index.php?rest_route=\/wp\/v2\/media\/16504"}],"wp:attachment":[{"href":"https:\/\/indeks.bilten.mk\/index.php?rest_route=%2Fwp%2Fv2%2Fmedia&parent=16503"}],"wp:term":[{"taxonomy":"category","embeddable":true,"href":"https:\/\/indeks.bilten.mk\/index.php?rest_route=%2Fwp%2Fv2%2Fcategories&post=16503"},{"taxonomy":"post_tag","embeddable":true,"href":"https:\/\/indeks.bilten.mk\/index.php?rest_route=%2Fwp%2Fv2%2Ftags&post=16503"}],"curies":[{"name":"wp","href":"https:\/\/api.w.org\/{rel}","templated":true}]}}