{"id":16507,"date":"2023-09-16T15:54:45","date_gmt":"2023-09-16T13:54:45","guid":{"rendered":"https:\/\/indeks.mk\/?p=16507"},"modified":"2023-09-16T15:54:45","modified_gmt":"2023-09-16T13:54:45","slug":"burdushi-kerkoi-qe-ta-shtynte-shkuarjen-ne-burg-gjykata-i-jep-pergjigje","status":"publish","type":"post","link":"https:\/\/indeks.bilten.mk\/?p=16507","title":{"rendered":"Burdushi k\u00ebrkoi q\u00eb ta shtynte shkuarjen n\u00eb burg, Gjykata i jep p\u00ebrgjigje"},"content":{"rendered":"<p><strong>Gjykata Themelore n\u00eb Prishtin\u00eb ia ka refuzuar k\u00ebrkes\u00ebn Hysri Peqanit i njohur si \u201cBurdushi\u201d p\u00ebr shtyrjen e ekzekutimit t\u00eb vendimit me burgim.<\/strong><\/p>\n<p>Burime t\u00eb \u201cBetimit p\u00ebr Drejt\u00ebsi\u201d nga Gjykata Themelore e Prishtin\u00eb kan\u00eb konfirmuar se k\u00ebrkesa e mbrojtjes s\u00eb Burdushit \u00ebsht\u00eb refuzuar.<\/p>\n<p>Durim Osmani, avokati i Peqanit, ka konfirmuar p\u00ebr \u201cBetimi p\u00ebr Drejt\u00ebsi\u201d se k\u00ebrkesa p\u00ebr shtyrjen e ekzekutimit t\u00eb vendimit \u00ebsht\u00eb refuzuar.<\/p>\n<p>\u201cPo, iu ka refuzuar k\u00ebrkesa\u201d, ka th\u00ebn\u00eb Osmani p\u00ebr \u201cBetimi p\u00ebr Drejt\u00ebsi.<\/p>\n<p>Mbrojtja e Hysri Peqanit i njohur si \u201cBurdushi\u201d, kishte k\u00ebrkuar shtyrjen e vuajtjes s\u00eb d\u00ebnimit me burg p\u00ebr 6 deri n\u00eb 12 muaj.<\/p>\n<p>Hysri Peqani m\u00eb 10\u00a0 janar 2023 ishte d\u00ebnuar me 4 vjet e 6 muaj burgim, 42 mij\u00eb euro gjob\u00eb dhe ishte urdh\u00ebruar konfiskimi i pasuris\u00eb n\u00eb vler\u00eb mbi 2 milion\u00eb euro.<\/p>\n<p>K\u00ebt\u00eb vendim, Gjykata e Apelit e kishte v\u00ebrtetuar m\u00eb 5 qershor 2023 p\u00ebr veprat penale: \u201cUshtrim t\u00eb kund\u00ebrligjsh\u00ebm t\u00eb veprimtaris\u00eb mjek\u00ebsore ose farmaceutike\u201d, \u201cMashtrim\u201d, \u201cShp\u00eblarje parash\u201d dhe \u201cArm\u00ebmbajtje pa leje\u201d.<\/p>\n<p>Procesi gjyq\u00ebsor ndaj Burdushit ka zgjatur 2 vjet e 2 muaj, nd\u00ebrsa aktakuza ishte ngritur m\u00eb 15 shtator 2020.<\/p>\n<p>N\u00eb \u00e7\u00ebshtjen penale ndaj tij ishin d\u00ebgjuar nj\u00eb s\u00ebr\u00eb d\u00ebshmitar\u00ebsh, d\u00ebshmit\u00eb e t\u00eb cil\u00ebve ishin ndaluar t\u00eb publikoheshin deri n\u00eb p\u00ebrfundimin e gjykimit.<\/p>\n<p>&nbsp;<\/p>\n<div class=\"lm-zs-enabled overlay-plain\" data-lm-zs-src=\"[&quot;https:\/\/www.gazetaexpress.com\/wp-content\/uploads\/2023\/09\/FB_IMG_1694728811159.jpg&quot;, &quot;https:\/\/www.gazetaexpress.com\/wp-content\/uploads\/2023\/09\/WhatsApp-Image-2023-09-16-at-12.38.57.jpeg&quot;, &quot;https:\/\/www.gazetaexpress.com\/wp-content\/uploads\/2023\/09\/stevo-pendarovski-780x439-1.png&quot;, &quot;https:\/\/www.gazetaexpress.com\/wp-content\/uploads\/2023\/09\/fadil.png&quot;]\">\n<div class=\"lm-zs-slideshow\">\n<div class=\"lm-click-for-story\"><\/div>\n<\/div>\n<\/div>\n","protected":false},"excerpt":{"rendered":"<p>Gjykata Themelore n\u00eb Prishtin\u00eb ia ka refuzuar k\u00ebrkes\u00ebn Hysri Peqanit i njohur si \u201cBurdushi\u201d p\u00ebr shtyrjen e ekzekutimit t\u00eb vendimit me burgim. Burime t\u00eb \u201cBetimit<\/p>\n","protected":false},"author":14,"featured_media":0,"comment_status":"open","ping_status":"open","sticky":false,"template":"","format":"standard","meta":{"footnotes":""},"categories":[54],"tags":[],"class_list":["post-16507","post","type-post","status-publish","format-standard","hentry","category-indeks"],"_links":{"self":[{"href":"https:\/\/indeks.bilten.mk\/index.php?rest_route=\/wp\/v2\/posts\/16507","targetHints":{"allow":["GET"]}}],"collection":[{"href":"https:\/\/indeks.bilten.mk\/index.php?rest_route=\/wp\/v2\/posts"}],"about":[{"href":"https:\/\/indeks.bilten.mk\/index.php?rest_route=\/wp\/v2\/types\/post"}],"author":[{"embeddable":true,"href":"https:\/\/indeks.bilten.mk\/index.php?rest_route=\/wp\/v2\/users\/14"}],"replies":[{"embeddable":true,"href":"https:\/\/indeks.bilten.mk\/index.php?rest_route=%2Fwp%2Fv2%2Fcomments&post=16507"}],"version-history":[{"count":0,"href":"https:\/\/indeks.bilten.mk\/index.php?rest_route=\/wp\/v2\/posts\/16507\/revisions"}],"wp:attachment":[{"href":"https:\/\/indeks.bilten.mk\/index.php?rest_route=%2Fwp%2Fv2%2Fmedia&parent=16507"}],"wp:term":[{"taxonomy":"category","embeddable":true,"href":"https:\/\/indeks.bilten.mk\/index.php?rest_route=%2Fwp%2Fv2%2Fcategories&post=16507"},{"taxonomy":"post_tag","embeddable":true,"href":"https:\/\/indeks.bilten.mk\/index.php?rest_route=%2Fwp%2Fv2%2Ftags&post=16507"}],"curies":[{"name":"wp","href":"https:\/\/api.w.org\/{rel}","templated":true}]}}