{"id":16509,"date":"2023-09-16T15:57:43","date_gmt":"2023-09-16T13:57:43","guid":{"rendered":"https:\/\/indeks.mk\/?p=16509"},"modified":"2023-09-16T15:57:43","modified_gmt":"2023-09-16T13:57:43","slug":"bie-importi-i-mallrave-nga-serbia-ne-kosove-te-njejtat-zevendesohen-nga-shqiperia","status":"publish","type":"post","link":"https:\/\/indeks.bilten.mk\/?p=16509","title":{"rendered":"Bie importi i mallrave nga Serbia n\u00eb Kosov\u00eb, t\u00eb njejtat z\u00ebvend\u00ebsohen nga Shqip\u00ebria"},"content":{"rendered":"<p><strong>Masa e siguris\u00eb e vendosur tre muaj m\u00eb par\u00eb nga Qeveria e Kosov\u00ebs p\u00ebr mallrat serbe ka ndikuar q\u00eb t\u00eb rritet importi n\u00eb vendin ton\u00eb nga Shqip\u00ebria dhe Maqedonia Veriore.<\/strong><\/p>\n<p>Produktet nga Serbia po z\u00ebvend\u00ebsohen po ashtu edhe me produkte nga Bashkimi Evropian.<\/p>\n<p>Sipas raportit t\u00eb fundit t\u00eb Agjencis\u00eb s\u00eb Statistikave t\u00eb Kosov\u00ebs vendet e CEFTA-s n\u00eb muajin korrik 2023, arrit\u00ebn n\u00eb 73,9 milion\u00eb euro, ose 14,4% t\u00eb importeve t\u00eb p\u00ebrgjithshme, me nj\u00eb r\u00ebnie prej 16,4%. Sipas k\u00ebtij raporti vendet me pjes\u00ebmarrje m\u00eb t\u00eb lart\u00eb p\u00ebr import ishin: Maqedonia e Veriut (5,9%), Shqip\u00ebria (5,4%), Serbia (1,3%).<\/p>\n<p>Megjithat\u00eb, ekspert t\u00eb ekonomis\u00eb k\u00ebrkojn\u00eb q\u00eb masa ndaj produkteve t\u00eb Serbis\u00eb t\u00eb analizohet nga Qeveria, pasi q\u00eb sipas tyre, kjo \u00ebsht\u00eb n\u00eb d\u00ebm t\u00eb vendit. Ndon\u00ebse sipas komuniteti t\u00eb biznesit n\u00eb Kosov\u00eb, disa brende nd\u00ebrkomb\u00ebtare, ve\u00e7an\u00ebrisht nga Gjermania, Italia, Shtetet e Bashkuara t\u00eb Amerik\u00ebs dhe Turqia q\u00eb operojn\u00eb edhe n\u00eb Serbi e p\u00ebr destinim eksportin n\u00eb Kosov\u00eb.<\/p>\n<p>Kryetari i Od\u00ebs Ekonomike t\u00eb Kosov\u00ebs (OEK), Lul\u00ebzim Rafuna, thot\u00eb p\u00ebr KosovaPress se nga statistikat shihet se ka nj\u00eb ngritje t\u00eb importeve t\u00eb mallrave sidomos nga Shqip\u00ebria dhe Maqedonia e Veriut.<\/p>\n<p>Sipas Rafun\u00ebs produktet q\u00eb nuk jan\u00eb importuar nga Serbia, kan\u00eb filluar t\u00eb z\u00ebvend\u00ebsohen nga shtetet fqinje.<\/p>\n<p>Po ashtu Rafuna thot\u00eb se kompanit\u00eb e huaja q\u00eb operojn\u00eb n\u00eb Serbi kan\u00eb shprehur shqet\u00ebsimin p\u00ebr mas\u00ebn e siguris\u00eb t\u00eb vendosur nga Kosova.<\/p>\n<p>Edhe njoh\u00ebsi p\u00ebr \u00e7\u00ebshtje ekonomike, Safet G\u00ebrxhaliu thekson se kjo mas\u00eb nuk \u00ebsht\u00eb m\u00eb e duhura p\u00ebr Kosov\u00ebn.<\/p>\n<p>Sipas ish-kryetarit t\u00eb OEK-ut masa e siguris\u00eb m\u00eb shum\u00eb e d\u00ebmton Kosov\u00ebn.<\/p>\n<p>Nd\u00ebrkaq, sa i p\u00ebrket k\u00ebsaj \u00e7\u00ebshtje ka reaguar edhe Oda Ekonomike Amerikane n\u00eb Kosov\u00eb, e cila ka k\u00ebrkuar urgjentisht nga Qeveria e Republik\u00ebs s\u00eb Kosov\u00ebs q\u00eb t\u00eb rishqyrtoj\u00eb masat q\u00eb kufizojn\u00eb importet nga Serbia, e t\u00eb cilat pengojn\u00eb interesat komerciale nd\u00ebrkomb\u00ebtare, p\u00ebrmes kufizimit t\u00eb qarkullimit t\u00eb mallrave nga markat e njohura bot\u00ebrore.<\/p>\n<p>N\u00eb reagimin e OEAK-s thuhet se sipas t\u00eb dh\u00ebnave zyrtare t\u00eb shqyrtuara nga Oda Amerikane, importet nga kompanit\u00eb me pron\u00ebsi t\u00eb konsiderueshme amerikane kan\u00eb r\u00ebn\u00eb me mbi 39 p\u00ebr qind krahasuar me vitin 2022, duke theksuar ndikimin e konsideruesh\u00ebm q\u00eb masat aktuale t\u00eb Qeveris\u00eb s\u00eb Kosov\u00ebs kan\u00eb mbi nd\u00ebrmarrjet nd\u00ebrkomb\u00ebtare.<\/p>\n<p>\u201cNdalimi, i cili synon Serbin\u00eb dhe produktet e importuara nga ky shtet, n\u00eb fakt ndikojn\u00eb n\u00eb mas\u00eb t\u00eb madhe n\u00eb kompanit\u00eb nd\u00ebrkomb\u00ebtare. Shum\u00eb prej k\u00ebtyre bizneseve, jan\u00eb n\u00eb pron\u00ebsi t\u00eb kompanive nga shtetet partnere, p\u00ebrfshir\u00eb Shtetet e Bashkuara t\u00eb Amerik\u00ebs, t\u00eb cilat kan\u00eb qen\u00eb shtylla ky\u00e7e n\u00eb mb\u00ebshtetjen e trajektores s\u00eb rritjes s\u00eb Kosov\u00ebs\u201d, thuhet n\u00eb reagim.<\/p>\n<p>Masa e siguris\u00eb p\u00ebr ndalimin e mallrave serbe ishte marr\u00eb m\u00eb 14 qershor nga Qeveria e Kosov\u00ebs, at\u00eb dit\u00eb kur ishin rr\u00ebmbyer tre zyrtar\u00ebt policor\u00eb t\u00eb Kosov\u00ebs nga forcat serbe brenda territorit t\u00eb Kosov\u00ebs.<\/p>\n<p>Nd\u00ebrkoh\u00eb, Qeveria ka marr\u00eb vendim p\u00ebr leht\u00ebsimin e mas\u00ebs s\u00eb siguris\u00eb ndaj mallrave, duke hequr mas\u00ebn e siguris\u00eb vet\u00ebm p\u00ebr mallrat e l\u00ebnd\u00ebs s\u00eb par\u00eb dhe gjysm\u00eb produkte.<\/p>\n","protected":false},"excerpt":{"rendered":"<p>Masa e siguris\u00eb e vendosur tre muaj m\u00eb par\u00eb nga Qeveria e Kosov\u00ebs p\u00ebr mallrat serbe ka ndikuar q\u00eb t\u00eb rritet importi n\u00eb vendin ton\u00eb<\/p>\n","protected":false},"author":14,"featured_media":0,"comment_status":"open","ping_status":"open","sticky":false,"template":"","format":"standard","meta":{"footnotes":""},"categories":[45],"tags":[],"class_list":["post-16509","post","type-post","status-publish","format-standard","hentry","category-rajoni"],"_links":{"self":[{"href":"https:\/\/indeks.bilten.mk\/index.php?rest_route=\/wp\/v2\/posts\/16509","targetHints":{"allow":["GET"]}}],"collection":[{"href":"https:\/\/indeks.bilten.mk\/index.php?rest_route=\/wp\/v2\/posts"}],"about":[{"href":"https:\/\/indeks.bilten.mk\/index.php?rest_route=\/wp\/v2\/types\/post"}],"author":[{"embeddable":true,"href":"https:\/\/indeks.bilten.mk\/index.php?rest_route=\/wp\/v2\/users\/14"}],"replies":[{"embeddable":true,"href":"https:\/\/indeks.bilten.mk\/index.php?rest_route=%2Fwp%2Fv2%2Fcomments&post=16509"}],"version-history":[{"count":0,"href":"https:\/\/indeks.bilten.mk\/index.php?rest_route=\/wp\/v2\/posts\/16509\/revisions"}],"wp:attachment":[{"href":"https:\/\/indeks.bilten.mk\/index.php?rest_route=%2Fwp%2Fv2%2Fmedia&parent=16509"}],"wp:term":[{"taxonomy":"category","embeddable":true,"href":"https:\/\/indeks.bilten.mk\/index.php?rest_route=%2Fwp%2Fv2%2Fcategories&post=16509"},{"taxonomy":"post_tag","embeddable":true,"href":"https:\/\/indeks.bilten.mk\/index.php?rest_route=%2Fwp%2Fv2%2Ftags&post=16509"}],"curies":[{"name":"wp","href":"https:\/\/api.w.org\/{rel}","templated":true}]}}