{"id":16511,"date":"2023-09-16T16:02:03","date_gmt":"2023-09-16T14:02:03","guid":{"rendered":"https:\/\/indeks.mk\/?p=16511"},"modified":"2023-09-16T16:02:03","modified_gmt":"2023-09-16T14:02:03","slug":"e-kujt-eshte-kenga-mora-fjale-kompozitari-naim-gjoshi-sqaron-se-si-perfundoi-kenga-ne-duart-e-shkurte-fejzes","status":"publish","type":"post","link":"https:\/\/indeks.bilten.mk\/?p=16511","title":{"rendered":"E kujt \u00ebsht\u00eb k\u00ebnga &#8220;Mora fjal\u00eb&#8221;, kompozitari Naim Gjoshi sqaron se si p\u00ebrfundoi k\u00ebnga n\u00eb duart e Shkurte Fejz\u00ebs"},"content":{"rendered":"<p><strong>Emocionet e kishin pushtuar. Nj\u00eb vizit\u00eb rast\u00ebsore e \u00e7oi n\u00eb Prekazin legjendar t\u00eb Adem Jasharit. Synimi nuk kishte qen\u00eb shkrimi apo kompozimi i nj\u00eb k\u00ebnge. P\u00ebrkundrazi\u2026 D\u00ebshira p\u00ebr t\u00eb pasur nj\u00eb folklor t\u00eb pasur, kontribues i pashoq p\u00ebr artin shqiptar solli mes nesh k\u00ebng\u00ebn e njohur \u201cMora fjal\u00eb\u201d.<\/strong><\/p>\n<p>T\u00eb gjith\u00eb mund t\u2019ia ken\u00eb atribuar meritat Shkurte Fejz\u00ebs. Por, t\u00eb gjith\u00eb ata q\u00eb jan\u00eb pjes\u00eb e muzik\u00ebs e din\u00eb se k\u00ebt\u00eb k\u00ebng\u00eb e ka shkruar dhe kompozuar kompozitori i njohur Naim Gjoshi. N\u00eb nj\u00eb rr\u00ebfim t\u00eb ve\u00e7ant\u00eb p\u00ebr Newsbomb, ai ulet k\u00ebmb\u00ebkryq mes thjesht\u00ebsis\u00eb duke treguar se si lindi idea p\u00ebr t\u00eb servirur k\u00ebt\u00eb k\u00ebng\u00eb kaq emocionuese p\u00ebr shqiptar\u00ebt an\u00eb e mban\u00eb bot\u00ebs.<\/p>\n<p>\u201cNuk e kisha menduar kurr\u00eb se do t\u00eb b\u00ebhej hit. Kjo k\u00ebng\u00eb u shkrua vet\u00ebm prej emocioneve t\u00eb mia\u201d, rr\u00ebfen fillimisht Gjoshi q\u00eb tanim\u00eb n\u00eb mosh\u00ebn 73-vje\u00e7are e kalon her\u00eb duke peshkuar e shpesh duke lexuar.<\/p>\n<p>I madh dhe i vog\u00ebl e k\u00ebndojn\u00eb k\u00ebng\u00ebn e tij. Stadiumi \u201cAir Albania\u201d ushton rrokjet e shkruara nga ai. Padyshim shum\u00eb pak mund ta dijn\u00eb autorin e v\u00ebrtet\u00eb q\u00eb jeton n\u00eb Elbasan dhe \u00ebsht\u00eb me origjin\u00eb nga Dumreja e k\u00ebtij qyteti.<\/p>\n<p>\u2013 P\u00ebrsh\u00ebndetje Naim! K\u00ebnaq\u00ebsi intervista me ju. Jeni pasuri e artit shqiptar. Na tregoni, si kan\u00eb qen\u00eb k\u00ebto vitet e fundit n\u00eb aspektin profesional?<\/p>\n<p>K\u00ebnaq\u00ebsi edhe p\u00ebr mua q\u00eb jap k\u00ebt\u00eb intervist\u00eb p\u00ebr ju. K\u00ebto vitet e fundit kam pasur plot aktivitete krijuese, kryesisht me k\u00ebng\u00ebtar\u00eb kosovar\u00eb. Por, sigurisht nuk kam m\u00eb at\u00eb vrull krijues si para 20 viteve. I lash\u00eb 73 vite mosh\u00eb. Gjith\u00ebsesi aktivitetin e vazhdoj.<\/p>\n<p>\u2013 Duket se k\u00ebng\u00ebt folklorike nuk e kan\u00eb m\u00eb at\u00eb bumin e dikursh\u00ebm. Tanim\u00eb, t\u00eb rinjt\u00eb d\u00ebgjojn\u00eb dhe duan m\u00eb shum\u00eb moderne. Mendimi juaj?<br \/>\n\u00cbsht\u00eb koha q\u00eb po e kalojm\u00eb t\u00eb till\u00eb. Ndaj, edhe t\u00eb rinjt\u00eb jan\u00eb t\u00eb prirur drejt k\u00ebng\u00ebs moderne. Por, kur shkojm\u00eb n\u00ebp\u00ebr dasma, k\u00ebnga popullore shqiptare \u00ebsht\u00eb prezente aty dhe ajo \u00ebsht\u00eb m\u00eb e bukura. K\u00ebnga popullore shqiptare nuk harrohet leht\u00eb dhe jeton e do t\u00eb jetoj\u00eb bashk\u00eb me kombin e vet. K\u00ebto modernet jan\u00eb sot p\u00ebr nes\u00ebr dhe kaq!<\/p>\n<p>\u2013 Jeni nj\u00eb nga artist\u00ebt q\u00eb keni kontribuar m\u00eb shum\u00eb n\u00eb muzik\u00ebn shqiptare prej vitesh. \u00c7\u2019ka ndodhur me muzik\u00ebn shqiptare?<br \/>\nMendoj se \u00ebsht\u00eb shtuar pasuria muzikore, por me tallava\u2026 Dhe si e till\u00eb \u00ebsht\u00eb zbehur origjinaliteti i saj. B\u00ebhet m\u00eb shum\u00eb muzik\u00eb komerciale. Kan\u00eb \u201chumbur\u201d orkestrat e ansambleve popullore. Rrall\u00eb po d\u00ebgjojm\u00eb muzik\u00eb live. Tani rrofshin studiot! Por, besoj se shum\u00eb shpejt do t\u2019i kemi prezent orkestrinat e ansambleve. Ka filluar t\u00eb ndihet kjo.<\/p>\n<p>\u2013 Besoj se vorbull\u00ebs s\u00eb k\u00ebnaq\u00ebsis\u00eb q\u00eb na dhuroi komb\u00ebtarja shqiptare nuk i keni shp\u00ebtuar as ju. Ndjesia juaj kur kuqezinjt\u00eb tan\u00eb p\u00ebrballen si t\u00eb barabart\u00eb me p\u00ebrfaq\u00ebsuese historike?<br \/>\nShum\u00eb emocione dhe krenari na ka dhuruar Komb\u00ebtarja jon\u00eb. Futbollist\u00ebt tan\u00eb kan\u00eb arritur n\u00eb nivelet e futbollit europian. E si mos t\u00eb ndihesh krenar\u00eb p\u00ebr ta?! Ndeshja me Polonin\u00eb ishte super ndeshje. Nj\u00eb fitore historike q\u00eb do t\u00eb mbahet mend gjat\u00eb dhe un\u00eb besoj shum\u00eb se do t\u00eb p\u00ebrfaq\u00ebsohemi n\u00eb Europian.<\/p>\n<p>\u2013 Dashur pa dashur ju keni kontribut t\u00eb madh n\u00eb at\u00eb atmosfer\u00eb t\u00eb mrekullueshme t\u00eb krijuar n\u00eb stadiumin ton\u00eb komb\u00ebtar. Na tregoni, si iu erdhi idea p\u00ebr t\u00eb kompozuar k\u00ebng\u00ebn e mrekullueshme \u201cMora fjal\u00eb\u201d?<br \/>\nPo, \u00ebsht\u00eb e v\u00ebrtet\u00eb. Por, e r\u00ebnd\u00ebsishme \u00ebsht\u00eb q\u00eb skuadra jon\u00eb p\u00ebrfaq\u00ebsuese fitoi. K\u00ebng\u00ebn \u201cMora fjal\u00eb\u201d e kam shkruajtur n\u00eb vitin 2000. Tekstin dhe muzik\u00ebn e kam kompozuar un\u00eb. E kam b\u00ebr\u00eb k\u00ebt\u00eb n\u00eb 3-vjetorin e r\u00ebnies s\u00eb Adem Jasharit.<\/p>\n<p>\u2013 Kur mor\u00ebt lapsin t\u00eb shkruanit, e kishit menduar se kjo k\u00ebng\u00eb do t\u00eb kishte p\u00ebrmasa t\u00eb tilla?<br \/>\nPo ju tregoj shkurtimisht historin\u00eb. N\u00eb vitin 1999 kur u \u00e7lirua Kosova, un\u00eb shkova p\u00ebr her\u00eb t\u00eb par\u00eb atje. Miqt\u00eb e mi m\u00eb \u00e7uan n\u00eb Prekaz te kulla e Jashar\u00ebve. Ato pamje aty m\u00eb krijuan shum\u00eb emocion, sidomos kulla e bombarduar nga serb\u00ebt. M\u00eb mbeti n\u00eb mendje portreti i Adem Jasharit. M\u00eb kujtonte eposin e Kreshnik\u00ebve, Mujin dhe Halilin. Qysh aty m\u00eb lindi idea p\u00ebr kang\u00ebn.<\/p>\n<p>\u2013 Dakord, t\u00eb lind\u00eb d\u00ebshira p\u00ebr t\u00eb shkuar dhe hedhur n\u00eb let\u00ebr emocionet \u00ebsht\u00eb normale. Por, pse pik\u00ebrisht p\u00ebr ta b\u00ebr\u00eb k\u00ebng\u00eb?<br \/>\nK\u00ebng\u00ebn e kam shkruajtur me porosi t\u00eb nj\u00eb k\u00ebng\u00ebtari aty n\u00eb Drenic\u00eb. Ai e realizoi kang\u00ebn.<\/p>\n<p>\u2013 Po si p\u00ebrfundoi n\u00eb \u201cduart\u201d e Shkurte Fejz\u00ebs?<br \/>\nShkurte Fejza ka qen\u00eb n\u00eb nj\u00eb koncert n\u00eb Drenic\u00eb ku k\u00ebndonte pik\u00ebrisht k\u00ebng\u00ebtari q\u00eb mori kang\u00ebn \u201cMora Fjal\u00eb\u201d. Ajo ia ka k\u00ebrkuar k\u00ebng\u00ebn k\u00ebng\u00ebtarit kundrejt nj\u00eb pages\u00eb dhe ai ia ka dh\u00ebn\u00eb.<\/p>\n<p>\u2013 \u00c7far\u00eb ndodhi m\u00eb pas?<br \/>\nShkurte Fejza e realizoi n\u00eb nj\u00eb tjet\u00ebr studio dhe k\u00ebnga u prit shum\u00eb m\u00eb mir\u00eb nga ndigjuesit.<\/p>\n<p>\u2013 E kishit menduar se \u201cMora Fjal\u00eb\u201d do t\u00eb d\u00ebgjohej kudo q\u00eb ka shqiptar\u00eb?<br \/>\nAsnj\u00ebher\u00eb! Mua, kurr\u00eb nuk m\u00eb kishte shkuar n\u00eb mendje se kjo k\u00ebng\u00eb do t\u00eb b\u00ebhej hit e aq m\u00eb tep\u00ebr q\u00eb do t\u00eb k\u00ebndohej edhe n\u00ebp\u00ebr stadiumet tona.<\/p>\n<p>\u2013 \u00c7far\u00eb ndjesie iu p\u00ebrcjell q\u00eb n\u00eb nj\u00eb far\u00eb m\u00ebnyre jeni aty prezent mes shqiptar\u00ebve p\u00ebrmes vepr\u00ebs suaj?<br \/>\nPadyshim ndihem shum\u00eb krenar q\u00eb jam autori i k\u00ebsaj k\u00ebnge.<\/p>\n<p>\u2013 P\u00ebr t\u00eb kaluar p\u00ebrtej k\u00ebng\u00ebs dhe duke u ndalur te eksperienca juaj. N\u00eb Shqip\u00ebri ka t\u00eb rinj t\u00eb talentuar n\u00eb fush\u00ebn e muzik\u00ebs. Por, t\u00eb tilla vepra si e juaja ende nuk po shohim. Cila \u00ebsht\u00eb k\u00ebshilla juaj p\u00ebr ta?<br \/>\nPo, ka kompozitor\u00eb t\u00eb rinj q\u00eb shkruajn\u00eb bukur dhe me frym\u00ebzim. K\u00ebshilla ime p\u00ebr ta, \u00ebsht\u00eb q\u00eb jo vet\u00ebm ta njohin folklorin e bukur shqiptar por edhe ta dashurojn\u00eb at\u00eb. Kur shkruajn\u00eb t\u00eb bazohen edhe te motivet tona popullore. Shpesh p\u00eblqejn\u00eb k\u00ebng\u00ebt e huaja q\u00eb jan\u00eb shum\u00eb t\u00eb bukura, por q\u00eb nuk kan\u00eb lidhje me k\u00ebng\u00ebn ton\u00eb komb\u00ebtare.<\/p>\n<p>\u2013 Krahas Komb\u00ebtares dhe muzik\u00ebs q\u00eb \u00ebsht\u00eb pjes\u00eb e pandar\u00eb e jet\u00ebs suaj, si i kaloni dit\u00ebt?<br \/>\nKoh\u00ebn m\u00eb t\u00eb madhe e kaloj n\u00eb studio. Her\u00eb zgjedh peshkimin e her\u00eb n\u00ebp\u00ebr lokale me miq e shok\u00eb. Ju ju fal\u00ebnderoj shum\u00eb p\u00ebr intervist\u00ebn. Uroj dhe jam me d\u00ebshir\u00ebn e gjith\u00eb shqiptar\u00ebve q\u00eb skuadra jon\u00eb Komb\u00ebtare t\u00eb jet\u00eb n\u00eb kampionatin europian \u201cGjermani 2024\u201d. Faleminderit!<\/p>\n","protected":false},"excerpt":{"rendered":"<p>Emocionet e kishin pushtuar. Nj\u00eb vizit\u00eb rast\u00ebsore e \u00e7oi n\u00eb Prekazin legjendar t\u00eb Adem Jasharit. Synimi nuk kishte qen\u00eb shkrimi apo kompozimi i nj\u00eb k\u00ebnge.<\/p>\n","protected":false},"author":14,"featured_media":16512,"comment_status":"open","ping_status":"open","sticky":false,"template":"","format":"standard","meta":{"footnotes":""},"categories":[49],"tags":[],"class_list":["post-16511","post","type-post","status-publish","format-standard","has-post-thumbnail","hentry","category-showbiz"],"_links":{"self":[{"href":"https:\/\/indeks.bilten.mk\/index.php?rest_route=\/wp\/v2\/posts\/16511","targetHints":{"allow":["GET"]}}],"collection":[{"href":"https:\/\/indeks.bilten.mk\/index.php?rest_route=\/wp\/v2\/posts"}],"about":[{"href":"https:\/\/indeks.bilten.mk\/index.php?rest_route=\/wp\/v2\/types\/post"}],"author":[{"embeddable":true,"href":"https:\/\/indeks.bilten.mk\/index.php?rest_route=\/wp\/v2\/users\/14"}],"replies":[{"embeddable":true,"href":"https:\/\/indeks.bilten.mk\/index.php?rest_route=%2Fwp%2Fv2%2Fcomments&post=16511"}],"version-history":[{"count":0,"href":"https:\/\/indeks.bilten.mk\/index.php?rest_route=\/wp\/v2\/posts\/16511\/revisions"}],"wp:featuredmedia":[{"embeddable":true,"href":"https:\/\/indeks.bilten.mk\/index.php?rest_route=\/wp\/v2\/media\/16512"}],"wp:attachment":[{"href":"https:\/\/indeks.bilten.mk\/index.php?rest_route=%2Fwp%2Fv2%2Fmedia&parent=16511"}],"wp:term":[{"taxonomy":"category","embeddable":true,"href":"https:\/\/indeks.bilten.mk\/index.php?rest_route=%2Fwp%2Fv2%2Fcategories&post=16511"},{"taxonomy":"post_tag","embeddable":true,"href":"https:\/\/indeks.bilten.mk\/index.php?rest_route=%2Fwp%2Fv2%2Ftags&post=16511"}],"curies":[{"name":"wp","href":"https:\/\/api.w.org\/{rel}","templated":true}]}}