{"id":16515,"date":"2023-09-16T16:15:08","date_gmt":"2023-09-16T14:15:08","guid":{"rendered":"https:\/\/indeks.mk\/?p=16515"},"modified":"2023-09-16T16:15:08","modified_gmt":"2023-09-16T14:15:08","slug":"vmro-permes-ndermjetesuesve-dy-here-i-ka-kerkuar-presidentit-amnesti-pendarovski-i-pergjigjet-pretendimeve-te-partise-se-mickoskit","status":"publish","type":"post","link":"https:\/\/indeks.bilten.mk\/?p=16515","title":{"rendered":"VMRO p\u00ebrmes nd\u00ebrmjet\u00ebsuesve dy her\u00eb i ka k\u00ebrkuar presidentit Amnesti\/ Pendarovski i p\u00ebrgjigjet pretendimeve t\u00eb partis\u00eb s\u00eb Mickoskit"},"content":{"rendered":"<p>&#8220;Lidhur me pretendimet e paraqitura n\u00eb konferenc\u00ebn e sotme p\u00ebr media t\u00eb VMRO-DPMNE-s\u00eb, ju njoftojm\u00eb se gjat\u00eb k\u00ebtij viti, n\u00eb dy raste i jan\u00eb b\u00ebr\u00eb propozime presidentit Stevo Pendarovski q\u00eb t\u00eb shqyrtoj\u00eb faljen e disa politikan\u00ebve ose t\u00eb mb\u00ebshtes\u00eb miratimin e Ligjit p\u00ebr amnisti t\u00eb politikan\u00ebve aktual\u00eb dhe t\u00eb m\u00ebparsh\u00ebm&#8221;, k\u00ebshtu njofton kabineti i presidentit t\u00eb vendit.<\/p>\n<p>\u201cAto propozime, p\u00ebrmes nd\u00ebrmjet\u00ebsve, i jan\u00eb d\u00ebrguar presidentit Pendarovski nga strukturat politike dhe t\u00eb siguris\u00eb q\u00eb jan\u00eb t\u00eb af\u00ebrta me opozit\u00ebn aktuale, si dhe nga ish-politikan\u00eb\u201d, thuhet n\u00eb komunikat\u00ebn e Kabinetit t\u00eb presidentit.<\/p>\n<p>M\u00eb her\u00ebt, Naum Stoilkovski, z\u00ebdh\u00ebn\u00ebs i VMRO-DPMNE-s\u00eb, n\u00eb lidhje me q\u00ebndrimet e presidentit Stevo Pendarovski t\u00eb shprehura n\u00eb nj\u00eb intervist\u00eb p\u00ebr amnistin\u00eb dhe amendamentet e Kodit penal, i ka b\u00ebr\u00eb thirrje Pendarovskit t\u00eb p\u00ebrgjigjet se kush e ka k\u00ebrkuar amnestin\u00eb.<\/p>\n<p>&#8220;Pendarovski sot duhet t\u00eb p\u00ebrgjigjet kush i k\u00ebrkoi amnesti? Pendarovski thot\u00eb se p\u00ebr amnestin\u00eb \u00ebsht\u00eb \u201ckonsultuar nga disa aktor\u00eb t\u00eb sken\u00ebs politike\u201d, k\u00ebshtu q\u00eb tani duhet t\u00eb jet\u00eb i sakt\u00eb dhe i qart\u00eb, t\u00eb thot\u00eb se kush nga politika e ka konsultuar Pendarovskin para disa muajsh p\u00ebr amnistin\u00eb&#8221;, tha Stoilkovski.<\/p>\n","protected":false},"excerpt":{"rendered":"<p>&#8220;Lidhur me pretendimet e paraqitura n\u00eb konferenc\u00ebn e sotme p\u00ebr media t\u00eb VMRO-DPMNE-s\u00eb, ju njoftojm\u00eb se gjat\u00eb k\u00ebtij viti, n\u00eb dy raste i jan\u00eb b\u00ebr\u00eb<\/p>\n","protected":false},"author":14,"featured_media":0,"comment_status":"open","ping_status":"open","sticky":false,"template":"","format":"standard","meta":{"footnotes":""},"categories":[44],"tags":[],"class_list":["post-16515","post","type-post","status-publish","format-standard","hentry","category-maqedoni"],"_links":{"self":[{"href":"https:\/\/indeks.bilten.mk\/index.php?rest_route=\/wp\/v2\/posts\/16515","targetHints":{"allow":["GET"]}}],"collection":[{"href":"https:\/\/indeks.bilten.mk\/index.php?rest_route=\/wp\/v2\/posts"}],"about":[{"href":"https:\/\/indeks.bilten.mk\/index.php?rest_route=\/wp\/v2\/types\/post"}],"author":[{"embeddable":true,"href":"https:\/\/indeks.bilten.mk\/index.php?rest_route=\/wp\/v2\/users\/14"}],"replies":[{"embeddable":true,"href":"https:\/\/indeks.bilten.mk\/index.php?rest_route=%2Fwp%2Fv2%2Fcomments&post=16515"}],"version-history":[{"count":0,"href":"https:\/\/indeks.bilten.mk\/index.php?rest_route=\/wp\/v2\/posts\/16515\/revisions"}],"wp:attachment":[{"href":"https:\/\/indeks.bilten.mk\/index.php?rest_route=%2Fwp%2Fv2%2Fmedia&parent=16515"}],"wp:term":[{"taxonomy":"category","embeddable":true,"href":"https:\/\/indeks.bilten.mk\/index.php?rest_route=%2Fwp%2Fv2%2Fcategories&post=16515"},{"taxonomy":"post_tag","embeddable":true,"href":"https:\/\/indeks.bilten.mk\/index.php?rest_route=%2Fwp%2Fv2%2Ftags&post=16515"}],"curies":[{"name":"wp","href":"https:\/\/api.w.org\/{rel}","templated":true}]}}