{"id":16517,"date":"2023-09-16T18:46:59","date_gmt":"2023-09-16T16:46:59","guid":{"rendered":"https:\/\/indeks.mk\/?p=16517"},"modified":"2023-09-16T18:46:59","modified_gmt":"2023-09-16T16:46:59","slug":"nderroi-jete-gazetarja-e-zerit-te-amerikes-rudina-dervishi","status":"publish","type":"post","link":"https:\/\/indeks.bilten.mk\/?p=16517","title":{"rendered":"Nd\u00ebrroi jet\u00eb gazetarja e Z\u00ebrit t\u00eb Amerik\u00ebs,  Rudina Dervishi"},"content":{"rendered":"<p>Rudina Dervishi, gazetarja dhe drejtuesja e njohur prej shum\u00eb vitesh e emisionit televiziv \u201cDitari\u201d t\u00eb Z\u00ebrit t\u00eb Amerik\u00ebs, u nda nga jeta t\u00eb mart\u00ebn, m\u00eb 12 Shtator, n\u00eb mosh\u00ebn 53-vje\u00e7are, pas nj\u00eb beteje dy vje\u00e7are me kancerin e gjirit.<\/p>\n<p>Ikja e saj e parakohshme \u00ebsht\u00eb nj\u00eb humbje e madhe p\u00ebr familjen dhe p\u00ebr koleg\u00ebt e saj t\u00eb Sh\u00ebrbimit Shqip t\u00eb Z\u00ebrit t\u00eb Amerik\u00ebs.<\/p>\n<p>P\u00ebr m\u00eb shum\u00eb se 25 vjet, Rudina dha nj\u00eb kontribut t\u00eb \u00e7muar me profesionalizmin e saj si nj\u00eb gazetare e apasionuar, duke mbuluar tema t\u00eb shum\u00ebllojshme nga ekonomia, politika, t\u00eb drejtat e njeriut dhe t\u00eb gruas, e deri tek arti.<\/p>\n<p>Ajo la pas bashk\u00ebshortin, tre djemt\u00eb dhe n\u00ebn\u00ebn.\u00a0<em>\/VOA<\/em><\/p>\n","protected":false},"excerpt":{"rendered":"<p>Rudina Dervishi, gazetarja dhe drejtuesja e njohur prej shum\u00eb vitesh e emisionit televiziv \u201cDitari\u201d t\u00eb Z\u00ebrit t\u00eb Amerik\u00ebs, u nda nga jeta t\u00eb mart\u00ebn, m\u00eb<\/p>\n","protected":false},"author":14,"featured_media":16519,"comment_status":"open","ping_status":"open","sticky":false,"template":"","format":"standard","meta":{"footnotes":""},"categories":[49],"tags":[],"class_list":["post-16517","post","type-post","status-publish","format-standard","has-post-thumbnail","hentry","category-showbiz"],"_links":{"self":[{"href":"https:\/\/indeks.bilten.mk\/index.php?rest_route=\/wp\/v2\/posts\/16517","targetHints":{"allow":["GET"]}}],"collection":[{"href":"https:\/\/indeks.bilten.mk\/index.php?rest_route=\/wp\/v2\/posts"}],"about":[{"href":"https:\/\/indeks.bilten.mk\/index.php?rest_route=\/wp\/v2\/types\/post"}],"author":[{"embeddable":true,"href":"https:\/\/indeks.bilten.mk\/index.php?rest_route=\/wp\/v2\/users\/14"}],"replies":[{"embeddable":true,"href":"https:\/\/indeks.bilten.mk\/index.php?rest_route=%2Fwp%2Fv2%2Fcomments&post=16517"}],"version-history":[{"count":0,"href":"https:\/\/indeks.bilten.mk\/index.php?rest_route=\/wp\/v2\/posts\/16517\/revisions"}],"wp:featuredmedia":[{"embeddable":true,"href":"https:\/\/indeks.bilten.mk\/index.php?rest_route=\/wp\/v2\/media\/16519"}],"wp:attachment":[{"href":"https:\/\/indeks.bilten.mk\/index.php?rest_route=%2Fwp%2Fv2%2Fmedia&parent=16517"}],"wp:term":[{"taxonomy":"category","embeddable":true,"href":"https:\/\/indeks.bilten.mk\/index.php?rest_route=%2Fwp%2Fv2%2Fcategories&post=16517"},{"taxonomy":"post_tag","embeddable":true,"href":"https:\/\/indeks.bilten.mk\/index.php?rest_route=%2Fwp%2Fv2%2Ftags&post=16517"}],"curies":[{"name":"wp","href":"https:\/\/api.w.org\/{rel}","templated":true}]}}