{"id":16522,"date":"2023-09-17T09:27:49","date_gmt":"2023-09-17T07:27:49","guid":{"rendered":"https:\/\/indeks.mk\/?p=16522"},"modified":"2023-09-17T09:27:49","modified_gmt":"2023-09-17T07:27:49","slug":"ali-ahmeti-vjen-ndryshe-sonte-ne-ora-2000-ne-tv21","status":"publish","type":"post","link":"https:\/\/indeks.bilten.mk\/?p=16522","title":{"rendered":"Ali Ahmeti vjen ndryshe sonte n\u00eb ora 20:00 n\u00eb TV21"},"content":{"rendered":"<p>Sonte, kreu i BDI-s\u00eb Ali Ahmeti ekskluzivisht nga Zajazi ju jep p\u00ebrgjigje shum\u00eb \u00e7\u00ebshtjeve<\/p>\n<p>Nga Zajazi, nj\u00eb intervist\u00eb ekskluzive me Ali Ahmetin, kreun e BDI-s\u00eb tek Tv21. K\u00ebshtu ka paralajm\u00ebruar Tv21 nj\u00eb intervist\u00eb m\u00eb ndryshe jasht\u00eb studiove t\u00eb saj ku kreu i BDI-s\u00eb do t\u00eb p\u00ebrgjigjet shum\u00eb pyetjeve interesante.<\/p>\n<p>Ahmeti ju jep p\u00ebrgjigje shum\u00eb \u00e7\u00ebshtjeve t\u00eb hapura n\u00eb media, si:<\/p>\n<p>A do t\u00eb kthehet Nikolla Gruevski?<\/p>\n<p>A do t\u00eb kalojn\u00eb ndryshimet kushtetuese dhe cila \u00ebsht\u00eb rruga drejt tyre?<\/p>\n<p>Me \u00e7far\u00eb biznesesh merren f\u00ebmij\u00ebt dhe nip\u00ebrit e liderit t\u00eb BDI-s\u00eb?<\/p>\n<p>Nga vijn\u00eb sulmet e drejtp\u00ebrdrejta ndaj Ali Ahmetit?<\/p>\n<p>Kush \u00ebsht\u00eb kryeministri m\u00eb i mir\u00eb p\u00ebr Maqedonin\u00eb deri tani?<\/p>\n<p>Kur do t\u00eb ket\u00eb zgjedhje?<\/p>\n<p>\u00c7far\u00eb pasurie ka Ali Ahmeti?<\/p>\n<p>Intervist\u00eb ekskluzive me liderin e BDI-s\u00eb, Ali Ahmeti, jasht\u00eb studios s\u00eb TV21.<\/p>\n<p>E diel ora 20:00 direkt nga oborri i tij n\u00eb Zajaz.<!--\/data\/user\/0\/com.samsung.android.app.notes\/files\/clipdata\/clipdata_bodytext_230917_092500_328.sdocx--><\/p>\n","protected":false},"excerpt":{"rendered":"<p>Sonte, kreu i BDI-s\u00eb Ali Ahmeti ekskluzivisht nga Zajazi ju jep p\u00ebrgjigje shum\u00eb \u00e7\u00ebshtjeve Nga Zajazi, nj\u00eb intervist\u00eb ekskluzive me Ali Ahmetin, kreun e BDI-s\u00eb<\/p>\n","protected":false},"author":14,"featured_media":16523,"comment_status":"open","ping_status":"open","sticky":false,"template":"","format":"standard","meta":{"footnotes":""},"categories":[44],"tags":[],"class_list":["post-16522","post","type-post","status-publish","format-standard","has-post-thumbnail","hentry","category-maqedoni"],"_links":{"self":[{"href":"https:\/\/indeks.bilten.mk\/index.php?rest_route=\/wp\/v2\/posts\/16522","targetHints":{"allow":["GET"]}}],"collection":[{"href":"https:\/\/indeks.bilten.mk\/index.php?rest_route=\/wp\/v2\/posts"}],"about":[{"href":"https:\/\/indeks.bilten.mk\/index.php?rest_route=\/wp\/v2\/types\/post"}],"author":[{"embeddable":true,"href":"https:\/\/indeks.bilten.mk\/index.php?rest_route=\/wp\/v2\/users\/14"}],"replies":[{"embeddable":true,"href":"https:\/\/indeks.bilten.mk\/index.php?rest_route=%2Fwp%2Fv2%2Fcomments&post=16522"}],"version-history":[{"count":0,"href":"https:\/\/indeks.bilten.mk\/index.php?rest_route=\/wp\/v2\/posts\/16522\/revisions"}],"wp:featuredmedia":[{"embeddable":true,"href":"https:\/\/indeks.bilten.mk\/index.php?rest_route=\/wp\/v2\/media\/16523"}],"wp:attachment":[{"href":"https:\/\/indeks.bilten.mk\/index.php?rest_route=%2Fwp%2Fv2%2Fmedia&parent=16522"}],"wp:term":[{"taxonomy":"category","embeddable":true,"href":"https:\/\/indeks.bilten.mk\/index.php?rest_route=%2Fwp%2Fv2%2Fcategories&post=16522"},{"taxonomy":"post_tag","embeddable":true,"href":"https:\/\/indeks.bilten.mk\/index.php?rest_route=%2Fwp%2Fv2%2Ftags&post=16522"}],"curies":[{"name":"wp","href":"https:\/\/api.w.org\/{rel}","templated":true}]}}