{"id":16533,"date":"2023-09-17T12:20:28","date_gmt":"2023-09-17T10:20:28","guid":{"rendered":"https:\/\/indeks.mk\/?p=16533"},"modified":"2023-09-17T12:24:55","modified_gmt":"2023-09-17T10:24:55","slug":"korridori-8-opozita-artan-grubi-dhe-amerika","status":"publish","type":"post","link":"https:\/\/indeks.bilten.mk\/?p=16533","title":{"rendered":"Korridori 8, Opozita, Artan Grubi dhe Amerika"},"content":{"rendered":"<p>Shkruan: Tetova Sot<\/p>\n<p>Amerika nuk shitet, Amerika nuk blihet, Amerika nuk manipulohet, Amerika nuk kontrabandohet. Amerika \u00ebsht\u00eb Amerik\u00eb.<\/p>\n<p>Kur u shtyp butoni i shp\u00ebrthimit p\u00ebr fillimin e nd\u00ebrtimit t\u00eb korridorit 8, disa inat\u00e7or\u00eb politik\u00eb, madje edhe skpetik dhe antishqiptar gati sa nuk p\u00ebsuan atak n\u00eb zem\u00ebr vet\u00ebm p\u00ebr faktin se k\u00ebt\u00eb e realizon dikush tjet\u00ebr dhe jo ata.<\/p>\n<p>Ata \u201copozita\u201d e dijn\u00eb k\u00ebt\u00eb, por i vetmi makth i tyre \u00ebsht\u00eb se nuk mund ta pranojn\u00eb se k\u00ebtij projekti gjigant infrastrukturor i ri pas Amerika e jo Amelika.<\/p>\n<p>Dhe n\u00eb k\u00ebt\u00eb projekt ka dor\u00eb edhe Grubi, BDI-ja dhe Alia.<\/p>\n<p>Dhe pas k\u00ebtij fakti t\u00eb pamohuesh\u00ebm, ka zgjuar demon\u00ebt opozitar q\u00eb nuk jan\u00eb aspak rehat nga ky projekt madhor\u00eb i paimagjinuesh\u00ebm e me \u00ebnd\u00ebrr e shpirt q\u00eb mos realizohet.<\/p>\n<p>Ky mllef dhe kjo \u00ebnd\u00ebrr e trishtueshme e \u201copozit\u00ebs\u201d q\u00eb mos t\u00eb realizohet Korridori 8, tashm\u00eb po shprehet hapur dhe kjo po i \u00e7armatos politikisht vet\u00eb ata q\u00eb nuk duan t\u00eb nd\u00ebrtohet.<\/p>\n<p>Opozita shqiptare po mbytet dhe varoset nga xhelozia sepse t\u00eb m\u00ebdhenjt\u00eb nd\u00ebrtojn\u00eb rrug\u00eb, lidhin shtete, forcojn\u00eb ekonomi, hapin vende t\u00eb reja pune, nd\u00ebrsa t\u00eb vegj\u00eblit \u201copozita\u201d vet\u00ebm shajn\u00eb e hedhin gurr\u00eb mbi nj\u00eb t\u00eb v\u00ebrtet\u00eb t\u00eb pamohueshme.<\/p>\n<p>Kund\u00ebr nd\u00ebrtimit t\u00eb k\u00ebtij Korridori dhe t\u00eb k\u00ebsaj rruge jan\u00eb vet\u00ebm ata q\u00eb nuk jan\u00eb shqiptar\u00eb dhe ata q\u00eb jan\u00eb shpirtngusht\u00eb, pse t\u00eb jet\u00eb Grubi q\u00eb shtypi sust\u00ebn e nuk \u00ebsht\u00eb Bilalli, Afrimi e Izeti.<br \/>\nAta, \u201copozita\u201d smund t\u2019a ndalin as n\u00ebdrtimin e Korridorit 8, e as historin\u00eb t\u00eb shkruaj p\u00ebr meritat e atyre q\u00eb koontribuan me mish e shpirt\u00eb q\u00eb ky projket t\u00eb ket\u00eb fillimin e mbar\u00eb dhe t\u00eb sigurt.<br \/>\nE para q\u00eb ka kund\u00ebrshtuar nd\u00ebrtimin e k\u00ebsaj rruge ka qen\u00eb VMRO-ja, m\u00eb pas LEVICA dhe \u00e7udit\u00ebrisht vjen treshja opozitare e p\u00ebrb\u00ebr\u00eb nga Bilalli, Afrimi e Izeti.<br \/>\nTreshja opozitare n\u00eb krye me Bilallin, Afrmin dhe Izetin duke kritikuar nd\u00ebrtimin e Korridorit 8 partin\u00eb shqiptare n\u00eb pushtet, me automatiz\u00ebm ata kund\u00ebrshtojn\u00eb edhe Amerik\u00ebn, pasi Amerika e shtypi butonin e para.<\/p>\n<p>Pyetja \u00ebsht\u00eb n\u00eb rrug\u00ebn e kujt\u00eb ecin opozita shqiptare q\u00eb del kund\u00ebr Korridorit 8, n\u00eb rrug\u00ebn e BE-s\u00eb, Shqip\u00ebris\u00eb, Amerik\u00ebs apo t\u00eb VMRO-s\u00eb?<\/p>\n<p>Kush k\u00ebnd e keqp\u00ebrdori n\u00eb Banjic\u00eb, Grubi Agelerin, apo Mickovski Bilallin, Afrimin dhe Izetin?<\/p>\n<p>Amasadorja e Amerik\u00ebs, Anxhela Ageler ishte e para q\u00eb shtypi susten e shp\u00ebrthimit nuk ishte e dyta, e k\u00ebt\u00eb opozita e di e pa, por dikush q\u00eb i ka n\u00ebn ombrell\u00ebn e vet politike e ka b\u00ebr\u00eb z\u00ebdh\u00ebn\u00ebse dhe treshja dol\u00ebn e than\u00eb, \u201cGrubi keqp\u00ebrdori Amerik\u00ebn\u201d.<\/p>\n<p>P\u00ebrfaq\u00ebsuesit e BES\u00cbS, L\u00ebvizjes Demokratike dhe Alternativ\u00ebs do t\u00eb hyjn\u00eb n\u00eb edhe ata n\u00eb histori nga Banjica e Ep\u00ebrme, por historia p\u00ebr ta do t\u00eb shkruaj se ishin kund\u00ebr nd\u00ebrtimit t\u00eb k\u00ebsaj rruge.<\/p>\n<p>Ata \u201copozita\u201d ishin aty ku ndryshon e tashmja dhe nd\u00ebrtohet e ardhmja e nj\u00eb projekti t\u00eb madh.<br \/>\n&lt;span;&gt;Aty n\u00eb Banjic\u00eb ku t\u00eb m\u00ebdhenjt\u00eb shtyp\u00ebn sust\u00ebn e nd\u00ebrtimit, e t\u00eb vegj\u00eblit \u201copozita\u201d shtypi sust\u00ebn e shkat\u00ebrimit dhe ran\u00eb n\u00eb kurthin e atyre q\u00eb sunduan zhvillimet, q\u00eb s\u2019i duan shqiptar\u00ebt dhe me nj\u00eb fjal\u00eb nuk e duan Amerik\u00ebn.<\/p>\n<p>Bilalli, Afrimi dhe Izeti duhet t\u2019a dijn\u00eb dhe e dijn\u00eb se e vetmja parti n\u00eb rajon pra BDI \u00ebsht\u00eb partneri m\u00eb i besuesh\u00ebm i Amerik\u00ebs dhe si mund Grubi, BDI-ja dhe Alia ta manipulojn\u00eb, ta keqp\u00ebrdorin Amerik\u00ebn?<\/p>\n<p>Dhe n\u00ebse Grubi ka arritur t\u00eb manipuloj\u00eb Amerik\u00ebn pra i bie q\u00eb Grubi qenka m\u00eb i fort\u00eb se Amerika.<br \/>\nDhe n\u00eb fund meq\u00eb u zbulua superfuqia at\u00ebher\u00eb ta lusim Grubin ta ndryshoje bot\u00ebn, ta ndale luft\u00ebn n\u00eb Ukrain\u00eb, ta rr\u00ebzoje Putinin prej pushtetit t\u00eb Rusis\u00eb, t\u00eb b\u00ebje paqe mes Izrailit dhe Palestin\u00ebs, ti rregulloje raportet mes Kosov\u00ebs dhe Serbis\u00eb, ti ndale t\u00ebrmetet, v\u00ebrshimet, nxehtin, ftohtin dhe n\u00eb fund ta ndaloje edhe vdekjen.<!--\/data\/user\/0\/com.samsung.android.app.notes\/files\/clipdata\/clipdata_bodytext_230917_121752_466.sdocx--><\/p>\n","protected":false},"excerpt":{"rendered":"<p>Shkruan: Tetova Sot Amerika nuk shitet, Amerika nuk blihet, Amerika nuk manipulohet, Amerika nuk kontrabandohet. Amerika \u00ebsht\u00eb Amerik\u00eb. Kur u shtyp butoni i shp\u00ebrthimit p\u00ebr<\/p>\n","protected":false},"author":14,"featured_media":16534,"comment_status":"open","ping_status":"open","sticky":false,"template":"","format":"standard","meta":{"footnotes":""},"categories":[44,47],"tags":[],"class_list":["post-16533","post","type-post","status-publish","format-standard","has-post-thumbnail","hentry","category-maqedoni","category-opinione"],"_links":{"self":[{"href":"https:\/\/indeks.bilten.mk\/index.php?rest_route=\/wp\/v2\/posts\/16533","targetHints":{"allow":["GET"]}}],"collection":[{"href":"https:\/\/indeks.bilten.mk\/index.php?rest_route=\/wp\/v2\/posts"}],"about":[{"href":"https:\/\/indeks.bilten.mk\/index.php?rest_route=\/wp\/v2\/types\/post"}],"author":[{"embeddable":true,"href":"https:\/\/indeks.bilten.mk\/index.php?rest_route=\/wp\/v2\/users\/14"}],"replies":[{"embeddable":true,"href":"https:\/\/indeks.bilten.mk\/index.php?rest_route=%2Fwp%2Fv2%2Fcomments&post=16533"}],"version-history":[{"count":0,"href":"https:\/\/indeks.bilten.mk\/index.php?rest_route=\/wp\/v2\/posts\/16533\/revisions"}],"wp:featuredmedia":[{"embeddable":true,"href":"https:\/\/indeks.bilten.mk\/index.php?rest_route=\/wp\/v2\/media\/16534"}],"wp:attachment":[{"href":"https:\/\/indeks.bilten.mk\/index.php?rest_route=%2Fwp%2Fv2%2Fmedia&parent=16533"}],"wp:term":[{"taxonomy":"category","embeddable":true,"href":"https:\/\/indeks.bilten.mk\/index.php?rest_route=%2Fwp%2Fv2%2Fcategories&post=16533"},{"taxonomy":"post_tag","embeddable":true,"href":"https:\/\/indeks.bilten.mk\/index.php?rest_route=%2Fwp%2Fv2%2Ftags&post=16533"}],"curies":[{"name":"wp","href":"https:\/\/api.w.org\/{rel}","templated":true}]}}