{"id":16537,"date":"2023-09-17T14:14:27","date_gmt":"2023-09-17T12:14:27","guid":{"rendered":"https:\/\/indeks.mk\/?p=16537"},"modified":"2023-09-17T14:14:27","modified_gmt":"2023-09-17T12:14:27","slug":"osmani-rusia-nuk-mund-te-jete-alternative-per-maqedonine-e-veriut","status":"publish","type":"post","link":"https:\/\/indeks.bilten.mk\/?p=16537","title":{"rendered":"Osmani: Rusia nuk mund t\u00eb jet\u00eb alternativ\u00eb p\u00ebr Maqedonin\u00eb e Veriut"},"content":{"rendered":"<p>Ministri i Pun\u00ebve t\u00eb Jashtme, Bujar Osmani n\u00eb nj\u00eb intervist\u00eb ekskluzive p\u00ebr portalin Frontline ka theksuar se p\u00ebr Maqedonin\u00eb e Veriut Rusia nuk mund t\u00eb jet\u00eb alternativ\u00eb ndaj Bashkimit Evropian, sepse nuk mund t\u00eb ofroj\u00eb alternativ\u00eb.<\/p>\n<p>\u201cA keni par\u00eb njeri t\u00eb shkoj\u00eb n\u00eb pun\u00eb apo t\u00eb shkoj\u00eb n\u00eb Rusi?. Ata po shkojn\u00eb n\u00eb Bashkimin Evropian, sepse ne jemi i nj\u00ebjti sistem vlerash, gjeografikisht, kulturalisht, ekonomikisht, historikisht i takojm\u00eb k\u00ebsaj familjeje, vlerave t\u00eb BE-s\u00eb\u201d, thot\u00eb Osmani.<\/p>\n<p>Sipas tij, ndryshimet kushtetuese jan\u00eb t\u00eb pashmangshme dhe se duhet t\u00eb votohen p\u00ebr t\u00eb vazhduar e rrug\u00ebs drejt BE-s\u00eb. \u201cAmendamentet kushtetuese jan\u00eb \u00e7\u00ebshtja q\u00eb do t\u00eb shkrij\u00eb procesin, pra do t\u00eb mund\u00ebsoj\u00eb vazhdimin e rrug\u00ebs drejt BE-s\u00eb. Mendoj se t\u00eb gjith\u00eb duhet t\u00eb dalim para qytetar\u00ebve dhe t\u00eb tregojm\u00eb n\u00ebse q\u00ebndrojm\u00eb pas vullnetit t\u00eb tyre p\u00ebr t\u2019u b\u00ebr\u00eb an\u00ebtare e Bashkimit Evropian\u201d, theksoi Osmani.<\/p>\n<p>Ai thekson se opozita maqedonase po e partizon plot\u00ebsisht axhend\u00ebn, duke v\u00ebn\u00eb n\u00eb funksion perspektiv\u00ebn evropiane t\u00eb shtetit n\u00eb zgjedhjet e ardhshme.<\/p>\n<p>\u201cJu keni parti politike q\u00eb me k\u00ebmb\u00ebngulje e bllokojn\u00eb at\u00eb proces dhe prandaj mendoj se duhet t\u00eb dalim me nj\u00eb mesazh t\u00eb qart\u00eb p\u00ebr qytetar\u00ebt. Mb\u00ebshtetni strukturat politike q\u00eb duan q\u00eb vendi t\u00eb jet\u00eb an\u00ebtar i Bashkimit Evropian, apo ata q\u00eb besojn\u00eb se duhet t\u00eb ket\u00eb struktura alternative, si\u00e7 \u00ebsht\u00eb takimi i presidentit rus me presidentin e Kores\u00eb s\u00eb Veriut dhe nj\u00eb alternativ\u00eb e re p\u00ebr at\u00eb evropiane. Bashkimi \u00ebsht\u00eb p\u00ebrshkruar atje. Dhe kjo \u00ebsht\u00eb arsyeja pse ne besojm\u00eb se tani \u00ebsht\u00eb koha q\u00eb t\u00eb gjitha partit\u00eb politike q\u00eb avokojn\u00eb p\u00ebr Bashkimin Evropian t\u00eb jen\u00eb pjes\u00eb e Frontit Evropian. T\u00eb tjer\u00ebt le t\u00eb krijojn\u00eb frontin e tyre q\u00eb ne t\u00eb dalim p\u00ebrpara qytetar\u00ebve dhe t\u2019i l\u00ebm\u00eb qytetar\u00ebt t\u00eb zgjedhin. A e duan Bashkimin Evropian, apo e duan at\u00eb koalicion q\u00eb e kan\u00eb takuar pothuajse n\u00eb Rusi\u201d, thot\u00eb ministri Osmani.<\/p>\n<div class=\"ai-viewport-1\" data-insertion-position=\"prepend\" data-selector=\".ai-insert-1-72032327\" data-insertion-no-dbg=\"\" data-code=\"PGRpdiBjbGFzcz0nY29kZS1ibG9jayBjb2RlLWJsb2NrLTEgY29kZS1ibG9jay1pbmFydGljbGUtZGVza3RvcCcgc3R5bGU9J21hcmdpbjogOHB4IGF1dG87IHRleHQtYWxpZ246IGNlbnRlcjsgZGlzcGxheTogYmxvY2s7IGNsZWFyOiBib3RoOyB3aWR0aDogMzAwcHg7IGhlaWdodDogNDIwcHg7IGJhY2tncm91bmQtY29sb3I6ICNmZmZmZmY7Jz4KPGRpdiBzdHlsZT0icG9zaXRpb246IHN0aWNreTsgdG9wOiAxNXB4OyI+CjxkaXYgY2xhc3M9ImNvZGUtYmxvY2stbGFiZWwiPlJla2xhbWE8L2Rpdj4KCjxkaXYgaWQ9IlBBLVRhYm9vbGEiPjwvZGl2Pgo8L2Rpdj4KPGRpdiBzdHlsZT0iIGhlaWdodDogMzkwcHg7Ij48L2Rpdj4KPC9kaXY+Cg==\" data-block=\"1\">\n<div class=\"code-block code-block-1 code-block-inarticle-desktop\">\n<div>\n<div id=\"taboola-sponsored-mid-article\" class=\" trc_related_container trc_spotlight_widget trc_elastic trc_elastic_sc-mid-article-telegrafi \" data-placement-name=\"Sponsored Mid Article\">\n<div class=\"trc_rbox_container\">\n<div id=\"trc_wrapper_59095\" class=\"trc_rbox sc-mid-article-telegrafi trc-content-sponsored \">\n<div id=\"outer_59095\" class=\"trc_rbox_outer\">\n<div id=\"rbox-t2m\" class=\"trc_rbox_div trc_rbox_border_elm\">\n<div id=\"internal_trc_59095\">\n<div class=\"videoCube trc_spotlight_item origin-default thumbnail_top syndicatedItem textItem videoCube_1_child trc-first-recommendation trc-spotlight-first-recommendation  trc_excludable \" data-item-id=\"~~V1~~-1980051528173990839~~77xhsZoTAVx04z40YZ-fYxHtsnIzqJ3k6VEDcKNVMKR9_9IWyVTZYEw3zPc60dwzHu_TYvngZ3fIkOCpr71_kAqE0_yL1hRu0U20mv8_l17oXEGpBRIxb3UPiAY5_9tByzCD0tJEiR8XQyeoALFdl4dUJDl4x03AKVGgTUBWS6UaE3iK7ebMf8nQ4vZ9kk8x5tChKVNR2PDFtDPJ36GLiw\" data-item-title=\"Ja si mund t\u00eb mbani n\u00eb kontroll mykun e k\u00ebmb\u00ebve n\u00eb kushte sht\u00ebpie\" data-item-thumb=\"http:\/\/cdn.taboola.com\/libtrc\/static\/thumbnails\/911666e5c94c803e1efbb52a743c39b0.jpg\" data-item-syndicated=\"true\">Ministri Osmani nuk e p\u00ebrjashton mund\u00ebsin\u00eb e nj\u00eb kandidati t\u00eb p\u00ebrbashk\u00ebt presidencial t\u00eb Frontit p\u00ebr Evrop\u00ebn, n\u00eb zgjedhjet e ardhshme presidenciale.<button class=\"video-cta-button video-cta-style\" type=\"button\"><\/button><\/div>\n<\/div>\n<\/div>\n<\/div>\n<\/div>\n<\/div>\n<\/div>\n<\/div>\n<\/div>\n<\/div>\n","protected":false},"excerpt":{"rendered":"<p>Ministri i Pun\u00ebve t\u00eb Jashtme, Bujar Osmani n\u00eb nj\u00eb intervist\u00eb ekskluzive p\u00ebr portalin Frontline ka theksuar se p\u00ebr Maqedonin\u00eb e Veriut Rusia nuk mund t\u00eb<\/p>\n","protected":false},"author":14,"featured_media":15732,"comment_status":"open","ping_status":"open","sticky":false,"template":"","format":"standard","meta":{"footnotes":""},"categories":[44],"tags":[],"class_list":["post-16537","post","type-post","status-publish","format-standard","has-post-thumbnail","hentry","category-maqedoni"],"_links":{"self":[{"href":"https:\/\/indeks.bilten.mk\/index.php?rest_route=\/wp\/v2\/posts\/16537","targetHints":{"allow":["GET"]}}],"collection":[{"href":"https:\/\/indeks.bilten.mk\/index.php?rest_route=\/wp\/v2\/posts"}],"about":[{"href":"https:\/\/indeks.bilten.mk\/index.php?rest_route=\/wp\/v2\/types\/post"}],"author":[{"embeddable":true,"href":"https:\/\/indeks.bilten.mk\/index.php?rest_route=\/wp\/v2\/users\/14"}],"replies":[{"embeddable":true,"href":"https:\/\/indeks.bilten.mk\/index.php?rest_route=%2Fwp%2Fv2%2Fcomments&post=16537"}],"version-history":[{"count":0,"href":"https:\/\/indeks.bilten.mk\/index.php?rest_route=\/wp\/v2\/posts\/16537\/revisions"}],"wp:featuredmedia":[{"embeddable":true,"href":"https:\/\/indeks.bilten.mk\/index.php?rest_route=\/wp\/v2\/media\/15732"}],"wp:attachment":[{"href":"https:\/\/indeks.bilten.mk\/index.php?rest_route=%2Fwp%2Fv2%2Fmedia&parent=16537"}],"wp:term":[{"taxonomy":"category","embeddable":true,"href":"https:\/\/indeks.bilten.mk\/index.php?rest_route=%2Fwp%2Fv2%2Fcategories&post=16537"},{"taxonomy":"post_tag","embeddable":true,"href":"https:\/\/indeks.bilten.mk\/index.php?rest_route=%2Fwp%2Fv2%2Ftags&post=16537"}],"curies":[{"name":"wp","href":"https:\/\/api.w.org\/{rel}","templated":true}]}}