{"id":16539,"date":"2023-09-17T14:17:26","date_gmt":"2023-09-17T12:17:26","guid":{"rendered":"https:\/\/indeks.mk\/?p=16539"},"modified":"2023-09-17T14:17:26","modified_gmt":"2023-09-17T12:17:26","slug":"mesuesi-shqiptar-nuk-e-perballoi-vdekjen-e-gruas-piu-ilac-prane-varrit-te-saj-dhe-vdiq","status":"publish","type":"post","link":"https:\/\/indeks.bilten.mk\/?p=16539","title":{"rendered":"M\u00ebsuesi shqiptar nuk e p\u00ebrballoi vdekjen e gruas, piu ila\u00e7 pran\u00eb varrit t\u00eb saj dhe vdiq&#8230;"},"content":{"rendered":"<p><strong>Nj\u00eb ngjarje mjaft e r\u00ebnd\u00eb ka ndodhur gjat\u00eb dit\u00ebs s\u00eb djeshme n\u00eb Bllash t\u00eb Shqip\u00ebris\u00eb, ku 60-vje\u00e7ari Petrit Jaupaj n\u00eb gjendje n\u00eb r\u00ebnduar emocionale i ka dh\u00ebn\u00eb fund jet\u00ebs duke konsumuar fotoksin\u00eb pran\u00eb varrit t\u00eb bashk\u00ebshortes s\u00eb tij.<\/strong><\/p>\n<p>Si\u00e7 raportojn\u00eb mediat n\u00eb Shqip\u00ebri, 60 vje\u00e7ari i cili ishte m\u00ebsuesi l\u00ebnd\u00ebs s\u00eb Bio-Kimis\u00eb n\u00eb shkoll\u00ebn 9-vje\u00e7are \u201c5 Shkurti\u201d t\u00eb Ballshit, nuk mund ta p\u00ebrballonte humbjen e gruas.<\/p>\n<p>Rreth nj\u00eb vit e gjysm\u00eb m\u00eb par\u00eb bashk\u00ebshortja e tij kishte nd\u00ebrruar jet\u00eb si pasoj\u00eb e nj\u00eb s\u00ebmundjeje t\u00eb r\u00ebnd\u00eb.<\/p>\n<p>Trupi i 60-vje\u00e7arit \u00ebsht\u00eb d\u00ebrguar n\u00eb morgun e Spitalit Rajonal Fier, p\u00ebr kryerjen e ekspertiz\u00ebs mjeko-ligjore, teksa ngjarja ka tronditur familjen, nx\u00ebn\u00ebsit dhe t\u00eb af\u00ebrmit e tij.<\/p>\n<p><img loading=\"lazy\" decoding=\"async\" class=\"aligncenter size-full wp-image-500346\" src=\"https:\/\/i0.wp.com\/www.kosovarja-ks.com\/wp-content\/uploads\/2023\/09\/image-171.webp?resize=880%2C660&amp;ssl=1\" sizes=\"auto, (max-width: 880px) 100vw, 880px\" srcset=\"https:\/\/i0.wp.com\/www.kosovarja-ks.com\/wp-content\/uploads\/2023\/09\/image-171.webp?w=880&amp;ssl=1 880w, https:\/\/i0.wp.com\/www.kosovarja-ks.com\/wp-content\/uploads\/2023\/09\/image-171.webp?resize=300%2C225&amp;ssl=1 300w, https:\/\/i0.wp.com\/www.kosovarja-ks.com\/wp-content\/uploads\/2023\/09\/image-171.webp?resize=768%2C576&amp;ssl=1 768w, https:\/\/i0.wp.com\/www.kosovarja-ks.com\/wp-content\/uploads\/2023\/09\/image-171.webp?resize=750%2C563&amp;ssl=1 750w\" alt=\"\" width=\"673\" height=\"505\" data-pin-no-hover=\"true\" \/><\/p>\n","protected":false},"excerpt":{"rendered":"<p>Nj\u00eb ngjarje mjaft e r\u00ebnd\u00eb ka ndodhur gjat\u00eb dit\u00ebs s\u00eb djeshme n\u00eb Bllash t\u00eb Shqip\u00ebris\u00eb, ku 60-vje\u00e7ari Petrit Jaupaj n\u00eb gjendje n\u00eb r\u00ebnduar emocionale i<\/p>\n","protected":false},"author":14,"featured_media":16540,"comment_status":"open","ping_status":"open","sticky":false,"template":"","format":"standard","meta":{"footnotes":""},"categories":[54],"tags":[],"class_list":["post-16539","post","type-post","status-publish","format-standard","has-post-thumbnail","hentry","category-indeks"],"_links":{"self":[{"href":"https:\/\/indeks.bilten.mk\/index.php?rest_route=\/wp\/v2\/posts\/16539","targetHints":{"allow":["GET"]}}],"collection":[{"href":"https:\/\/indeks.bilten.mk\/index.php?rest_route=\/wp\/v2\/posts"}],"about":[{"href":"https:\/\/indeks.bilten.mk\/index.php?rest_route=\/wp\/v2\/types\/post"}],"author":[{"embeddable":true,"href":"https:\/\/indeks.bilten.mk\/index.php?rest_route=\/wp\/v2\/users\/14"}],"replies":[{"embeddable":true,"href":"https:\/\/indeks.bilten.mk\/index.php?rest_route=%2Fwp%2Fv2%2Fcomments&post=16539"}],"version-history":[{"count":0,"href":"https:\/\/indeks.bilten.mk\/index.php?rest_route=\/wp\/v2\/posts\/16539\/revisions"}],"wp:featuredmedia":[{"embeddable":true,"href":"https:\/\/indeks.bilten.mk\/index.php?rest_route=\/wp\/v2\/media\/16540"}],"wp:attachment":[{"href":"https:\/\/indeks.bilten.mk\/index.php?rest_route=%2Fwp%2Fv2%2Fmedia&parent=16539"}],"wp:term":[{"taxonomy":"category","embeddable":true,"href":"https:\/\/indeks.bilten.mk\/index.php?rest_route=%2Fwp%2Fv2%2Fcategories&post=16539"},{"taxonomy":"post_tag","embeddable":true,"href":"https:\/\/indeks.bilten.mk\/index.php?rest_route=%2Fwp%2Fv2%2Ftags&post=16539"}],"curies":[{"name":"wp","href":"https:\/\/api.w.org\/{rel}","templated":true}]}}