{"id":16542,"date":"2023-09-17T14:20:23","date_gmt":"2023-09-17T12:20:23","guid":{"rendered":"https:\/\/indeks.mk\/?p=16542"},"modified":"2023-09-17T14:20:23","modified_gmt":"2023-09-17T12:20:23","slug":"fero-pasi-mori-emer-arab-tashme-nis-dhe-nje-biznes-hallall-video","status":"publish","type":"post","link":"https:\/\/indeks.bilten.mk\/?p=16542","title":{"rendered":"Fero pasi mori em\u00ebr arab, tashm\u00eb nis dhe nj\u00eb biznes &#8220;hallall&#8221; (VIDEO)"},"content":{"rendered":"<p><strong>Feronit Shanbani, i njohur me emrin e sken\u00ebs Fero, po fillon nj\u00eb karrier\u00eb t\u00eb re.<\/strong><\/p>\n<p>Pasi tashm\u00eb ish-reperi ka njoftuar ndjek\u00ebsit e tij q\u00eb po largohet nga muzika, ai ka marr\u00eb nj\u00eb rrug\u00eb tjet\u00ebr si karrier\u00ebn e tij t\u00eb re.<\/p>\n<p>Arsyet pse ai la muzik\u00ebn ishte se po i qasej fes\u00eb islame, dhe e kuptoi q\u00eb aty muzika \u00ebsht\u00eb e ndaluar, k\u00ebshtu \u00ebsht\u00eb shprehur ai n\u00eb nj\u00eb njoftim q\u00eb ka b\u00ebr\u00eb ai ne rrjetin e tij t\u00eb Instagramit.<\/p>\n<p>Fero, meq\u00eb m\u00eb nuk mund t\u00eb ket\u00eb t\u00eb ardhura nga muzika e nga TikTok-u, ai po k\u00ebrkon mund\u00ebsi t\u00eb tjera p\u00ebr t\u2019i siguruar ato.<\/p>\n<p>Gjilanasi pretendon t\u2019i futet biznesit t\u00eb kriptovalutave, pasi ai k\u00ebt\u00eb e konsideron pune \u201challall\u201d n\u00eb p\u00ebrputhje me parimet e fes\u00eb islame.<\/p>\n<p>Ai transformoi veten rr\u00ebnj\u00ebsisht, gjithashtu edhe duke marr\u00eb nj\u00eb em\u00ebr t\u00eb ri arab, Khattab.<\/p>\n<p>Kujtojm\u00eb q\u00eb ndaj tij jan\u00eb hapur akuza penale, nga ish-gruaja e tij modele, Arbenita Ismaili, p\u00ebr dhun\u00eb n\u00eb familje.<\/p>\n<div class=\"jeg_video_container jeg_video_content\"><iframe loading=\"lazy\" title=\"Sara e Ledri ndajn\u00eb dasm\u00ebn, Fjolla n\u00eb lidhje? - E v\u00ebrtet\u00eb, e pav\u00ebrtet\u00eb - 16.09.2023\" src=\"https:\/\/www.youtube.com\/embed\/0c8IwMFG5lU?start=80&amp;feature=oembed\" width=\"500\" height=\"281\" frameborder=\"0\" allowfullscreen=\"allowfullscreen\" data-mce-fragment=\"1\"><\/iframe><\/div>\n","protected":false},"excerpt":{"rendered":"<p>Feronit Shanbani, i njohur me emrin e sken\u00ebs Fero, po fillon nj\u00eb karrier\u00eb t\u00eb re. Pasi tashm\u00eb ish-reperi ka njoftuar ndjek\u00ebsit e tij q\u00eb po<\/p>\n","protected":false},"author":14,"featured_media":16543,"comment_status":"open","ping_status":"open","sticky":false,"template":"","format":"standard","meta":{"footnotes":""},"categories":[49],"tags":[],"class_list":["post-16542","post","type-post","status-publish","format-standard","has-post-thumbnail","hentry","category-showbiz"],"_links":{"self":[{"href":"https:\/\/indeks.bilten.mk\/index.php?rest_route=\/wp\/v2\/posts\/16542","targetHints":{"allow":["GET"]}}],"collection":[{"href":"https:\/\/indeks.bilten.mk\/index.php?rest_route=\/wp\/v2\/posts"}],"about":[{"href":"https:\/\/indeks.bilten.mk\/index.php?rest_route=\/wp\/v2\/types\/post"}],"author":[{"embeddable":true,"href":"https:\/\/indeks.bilten.mk\/index.php?rest_route=\/wp\/v2\/users\/14"}],"replies":[{"embeddable":true,"href":"https:\/\/indeks.bilten.mk\/index.php?rest_route=%2Fwp%2Fv2%2Fcomments&post=16542"}],"version-history":[{"count":0,"href":"https:\/\/indeks.bilten.mk\/index.php?rest_route=\/wp\/v2\/posts\/16542\/revisions"}],"wp:featuredmedia":[{"embeddable":true,"href":"https:\/\/indeks.bilten.mk\/index.php?rest_route=\/wp\/v2\/media\/16543"}],"wp:attachment":[{"href":"https:\/\/indeks.bilten.mk\/index.php?rest_route=%2Fwp%2Fv2%2Fmedia&parent=16542"}],"wp:term":[{"taxonomy":"category","embeddable":true,"href":"https:\/\/indeks.bilten.mk\/index.php?rest_route=%2Fwp%2Fv2%2Fcategories&post=16542"},{"taxonomy":"post_tag","embeddable":true,"href":"https:\/\/indeks.bilten.mk\/index.php?rest_route=%2Fwp%2Fv2%2Ftags&post=16542"}],"curies":[{"name":"wp","href":"https:\/\/api.w.org\/{rel}","templated":true}]}}