{"id":16545,"date":"2023-09-17T20:28:06","date_gmt":"2023-09-17T18:28:06","guid":{"rendered":"https:\/\/indeks.mk\/?p=16545"},"modified":"2023-09-17T20:28:42","modified_gmt":"2023-09-17T18:28:42","slug":"ahmeti-jam-prind-i-uskanes-dhe-shkumbinit-vajza-magjistre-e-ekonomise-ndersa-djalin-arkitekt","status":"publish","type":"post","link":"https:\/\/indeks.bilten.mk\/?p=16545","title":{"rendered":"Ahmeti: Jam prind i Uskan\u00ebs dhe Shkumbinit, vajza magjistre e ekonomis\u00eb nd\u00ebrsa djali arkitekt"},"content":{"rendered":"<p>N\u00eb nj\u00eb rr\u00ebfim unik p\u00ebr televizionin 21 nga ambientet e sht\u00ebpis\u00eb s\u00eb tij n\u00eb Zajaz, kryetari i Bashkimit Demokratik p\u00ebr Integrim, Ali Ahmeti tregoi an\u00ebn e tij familjare, teksa foli dhe p\u00ebr vajz\u00ebn e tij Uskan\u00ebn dhe djalin Shkumbinin.<\/p>\n<p>\u201cPeriudha e veprimtaris\u00eb sim\u00eb nga viti 1981 deri n\u00eb vitin 2001 ishte pjesa m\u00eb e lavdishme, Fituam Kosov\u00ebn e pavarur nd\u00ebrsa k\u00ebtu shqiptar\u00ebt zot n\u00eb sht\u00ebpin\u00eb e vet\u00eb. Kam dy f\u00ebmij\u00eb, vajz\u00ebn Uskan\u00ebn dhe djalin Shkumbinin, Uskana \u00ebsht\u00eb magjistre e ekonomis\u00eb, \u00ebsht\u00eb n\u00eb proces t\u00eb doktoratur\u00ebs, e licencuar nga universiteti i Vjen\u00ebs n\u00eb gjuh\u00ebn gjermane, 10 vite i ka kry n\u00eb Zvic\u00ebr. Shkumbini ka ardh n\u00eb klas\u00eb t\u00eb 6 k\u00ebtu, ka kry p\u00ebr arkitektur\u00eb, ka kry praktik\u00eb n\u00eb Zvic\u00ebr, ka pas oferta p\u00ebr t\u00eb punu atje mir\u00ebpo ai punon prej k\u00ebtu p\u00ebr kompani t\u00eb Zvicr\u00ebs. Drejtoria p\u00ebr t\u00eb Ardhura Publike ka kryer kontrolle n\u00eb kompanin\u00eb e djalit tim dhe \u00e7do gj\u00eb \u00ebsht\u00eb korrekte, ai \u00ebsht\u00eb transparent si me njer\u00ebz, ashtu edhe me institucione apo media\u201d, deklaroi Ahmeti.<\/p>\n","protected":false},"excerpt":{"rendered":"<p>N\u00eb nj\u00eb rr\u00ebfim unik p\u00ebr televizionin 21 nga ambientet e sht\u00ebpis\u00eb s\u00eb tij n\u00eb Zajaz, kryetari i Bashkimit Demokratik p\u00ebr Integrim, Ali Ahmeti tregoi an\u00ebn<\/p>\n","protected":false},"author":14,"featured_media":16557,"comment_status":"open","ping_status":"open","sticky":false,"template":"","format":"standard","meta":{"footnotes":""},"categories":[44],"tags":[],"class_list":["post-16545","post","type-post","status-publish","format-standard","has-post-thumbnail","hentry","category-maqedoni"],"_links":{"self":[{"href":"https:\/\/indeks.bilten.mk\/index.php?rest_route=\/wp\/v2\/posts\/16545","targetHints":{"allow":["GET"]}}],"collection":[{"href":"https:\/\/indeks.bilten.mk\/index.php?rest_route=\/wp\/v2\/posts"}],"about":[{"href":"https:\/\/indeks.bilten.mk\/index.php?rest_route=\/wp\/v2\/types\/post"}],"author":[{"embeddable":true,"href":"https:\/\/indeks.bilten.mk\/index.php?rest_route=\/wp\/v2\/users\/14"}],"replies":[{"embeddable":true,"href":"https:\/\/indeks.bilten.mk\/index.php?rest_route=%2Fwp%2Fv2%2Fcomments&post=16545"}],"version-history":[{"count":0,"href":"https:\/\/indeks.bilten.mk\/index.php?rest_route=\/wp\/v2\/posts\/16545\/revisions"}],"wp:featuredmedia":[{"embeddable":true,"href":"https:\/\/indeks.bilten.mk\/index.php?rest_route=\/wp\/v2\/media\/16557"}],"wp:attachment":[{"href":"https:\/\/indeks.bilten.mk\/index.php?rest_route=%2Fwp%2Fv2%2Fmedia&parent=16545"}],"wp:term":[{"taxonomy":"category","embeddable":true,"href":"https:\/\/indeks.bilten.mk\/index.php?rest_route=%2Fwp%2Fv2%2Fcategories&post=16545"},{"taxonomy":"post_tag","embeddable":true,"href":"https:\/\/indeks.bilten.mk\/index.php?rest_route=%2Fwp%2Fv2%2Ftags&post=16545"}],"curies":[{"name":"wp","href":"https:\/\/api.w.org\/{rel}","templated":true}]}}