{"id":16547,"date":"2023-09-17T20:04:34","date_gmt":"2023-09-17T18:04:34","guid":{"rendered":"https:\/\/indeks.mk\/?p=16547"},"modified":"2023-09-17T20:04:34","modified_gmt":"2023-09-17T18:04:34","slug":"te-gjitha-jane-themele-ne-token-e-katragjyshit-ali-ahmeti-prezanton-shtepine-e-tij-ne-zajaz-tregon-se-si-ia-rrenuan-vellezerit-shtepine-e-vjeter","status":"publish","type":"post","link":"https:\/\/indeks.bilten.mk\/?p=16547","title":{"rendered":"\u201cT\u00eb gjitha jan\u00eb themele n\u00eb tok\u00ebn e katragjyshit\u201d, Ali Ahmeti prezanton sht\u00ebpin\u00eb e tij n\u00eb Zajaz, tregon se si ia \u201crr\u00ebnuan\u201d v\u00ebllez\u00ebrit sht\u00ebpin\u00eb e vjet\u00ebr"},"content":{"rendered":"<p>Gazetari Fatmir Aliu dhe Eroll Shaqiri kan\u00eb q\u00ebndruar n\u00eb Zajaz t\u00eb K\u00ebr\u00e7ov\u00ebs, ku n\u00eb sht\u00ebpin\u00eb e liderit t\u00eb BDI-s\u00eb, Ali Ahmeti kan\u00eb realizuar intervist\u00eb me t\u00eb parin e integrist\u00ebve.<\/p>\n<p>P\u00ebrshtypja e par\u00eb ishte se hyje n\u00eb nj\u00eb pallat, pasi k\u00ebshtu dukej nga jasht\u00eb sht\u00ebpia e Ahmetit. Por ky i fundit sqaroi p\u00ebr publikun, se sht\u00ebpit\u00eb q\u00eb gjendet n\u00eb at\u00eb oborr, jan\u00eb t\u00eb nd\u00ebrtuara q\u00eb para se ai t\u00eb hynte n\u00eb politik\u00eb.<\/p>\n<div class=\"td-a-ad id_inline_ad0 id_ad_content-horiz-center\"><\/div>\n<p>Vet\u00ebm nj\u00ebra nga 4 sht\u00ebpit\u00eb e q\u00eb q\u00ebndronin aty, ishte e tija, dhe ai sqaroi se ishte nd\u00ebrtuar mbi themelet e sht\u00ebpis\u00eb s\u00eb babait t\u00eb tij.<\/p>\n<p>\u201cT\u00eb gjitha ato t\u00eb tria kan\u00eb qen\u00eb t\u00eb nd\u00ebrtuara para se un\u00eb t\u00eb hyja para se un\u00eb t\u00eb hyja n\u00eb politik\u00eb. E imja \u00ebsht\u00eb nd\u00ebrtuar n\u00eb themelet e sht\u00ebpis\u00eb s\u00eb vjet\u00ebr. Pas vitit 2000\u2026 \u00cbsht\u00eb kati i p\u00ebrdheses dhe i dyti. K\u00ebto jan\u00eb oborre, t\u00eb gjitha trash\u00ebgimi nga katragjyshi\u2026 Un\u00eb i fundit e kam nd\u00ebrtuar sht\u00ebpin\u00eb sepse nuk kam qen\u00eb k\u00ebtu. V\u00ebllez\u00ebrit m\u00eb kan\u00eb b\u00ebr\u00eb nj\u00eb tradhti, sepse e kan\u00eb marr\u00eb n\u00ebn\u00ebn e kan\u00eb sjell n\u00eb Shipokivic\u00eb dhe k\u00ebtu me eskavator\u00eb e kan\u00eb rr\u00ebzuar shtpin\u00eb k\u00ebtu. Un\u00eb nuk kam dashur ta rr\u00ebnoj, sepse kam dashur ta mbaj kujtim nga babai\u201d, tha Ahmeti.<\/p>\n<p><iframe loading=\"lazy\" src=\"https:\/\/www.facebook.com\/plugins\/video.php?height=314&#038;href=https%3A%2F%2Fwww.facebook.com%2Ftv21hd%2Fvideos%2F1361442027916897%2F&#038;show_text=false&#038;width=560&#038;t=0\" width=\"560\" height=\"314\" style=\"border:none;overflow:hidden\" scrolling=\"no\" frameborder=\"0\" allowfullscreen=\"true\" allow=\"autoplay; clipboard-write; encrypted-media; picture-in-picture; web-share\" allowFullScreen=\"true\"><\/iframe><\/p>\n","protected":false},"excerpt":{"rendered":"<p>Gazetari Fatmir Aliu dhe Eroll Shaqiri kan\u00eb q\u00ebndruar n\u00eb Zajaz t\u00eb K\u00ebr\u00e7ov\u00ebs, ku n\u00eb sht\u00ebpin\u00eb e liderit t\u00eb BDI-s\u00eb, Ali Ahmeti kan\u00eb realizuar intervist\u00eb me<\/p>\n","protected":false},"author":14,"featured_media":16548,"comment_status":"open","ping_status":"open","sticky":false,"template":"","format":"standard","meta":{"footnotes":""},"categories":[44],"tags":[],"class_list":["post-16547","post","type-post","status-publish","format-standard","has-post-thumbnail","hentry","category-maqedoni"],"_links":{"self":[{"href":"https:\/\/indeks.bilten.mk\/index.php?rest_route=\/wp\/v2\/posts\/16547","targetHints":{"allow":["GET"]}}],"collection":[{"href":"https:\/\/indeks.bilten.mk\/index.php?rest_route=\/wp\/v2\/posts"}],"about":[{"href":"https:\/\/indeks.bilten.mk\/index.php?rest_route=\/wp\/v2\/types\/post"}],"author":[{"embeddable":true,"href":"https:\/\/indeks.bilten.mk\/index.php?rest_route=\/wp\/v2\/users\/14"}],"replies":[{"embeddable":true,"href":"https:\/\/indeks.bilten.mk\/index.php?rest_route=%2Fwp%2Fv2%2Fcomments&post=16547"}],"version-history":[{"count":0,"href":"https:\/\/indeks.bilten.mk\/index.php?rest_route=\/wp\/v2\/posts\/16547\/revisions"}],"wp:featuredmedia":[{"embeddable":true,"href":"https:\/\/indeks.bilten.mk\/index.php?rest_route=\/wp\/v2\/media\/16548"}],"wp:attachment":[{"href":"https:\/\/indeks.bilten.mk\/index.php?rest_route=%2Fwp%2Fv2%2Fmedia&parent=16547"}],"wp:term":[{"taxonomy":"category","embeddable":true,"href":"https:\/\/indeks.bilten.mk\/index.php?rest_route=%2Fwp%2Fv2%2Fcategories&post=16547"},{"taxonomy":"post_tag","embeddable":true,"href":"https:\/\/indeks.bilten.mk\/index.php?rest_route=%2Fwp%2Fv2%2Ftags&post=16547"}],"curies":[{"name":"wp","href":"https:\/\/api.w.org\/{rel}","templated":true}]}}