{"id":16550,"date":"2023-09-17T20:12:50","date_gmt":"2023-09-17T18:12:50","guid":{"rendered":"https:\/\/indeks.mk\/?p=16550"},"modified":"2023-09-17T20:12:50","modified_gmt":"2023-09-17T18:12:50","slug":"ahmeti-vajza-uskana-eshte-magjister-ne-ekonomi-djali-shkumbini-eshte-arkitekt-qe-punon-per-kompani-te-zvicres","status":"publish","type":"post","link":"https:\/\/indeks.bilten.mk\/?p=16550","title":{"rendered":"Ahmeti: Vajza, Uskana \u00ebsht\u00eb magjist\u00ebr n\u00eb ekonomi! Djali, Shkumbini \u00ebsht\u00eb arkitekt q\u00eb punon p\u00ebr kompani t\u00eb Zvicr\u00ebs"},"content":{"rendered":"<p>Kreu i Bashkimit Demokratik p\u00ebr Integrim, Ali Ahmeti n\u00eb nj\u00eb intervist\u00eb ndryshe n\u00eb TV21 u \u00ebsht\u00eb p\u00ebrgjigjigjur akuzave t\u00eb shumta p\u00ebr veprimtarin\u00eb e f\u00ebmij\u00ebve t\u00eb tij. Ahmeti tha se vajza e tij po vijon doktorat\u00ebn n\u00eb ekonomi n\u00eb Vjen\u00eb, nd\u00ebrsa p\u00ebr djalin tha se punon si arkitekt p\u00ebr kompani zvicerane.<\/p>\n<p>\u201cTash teknologjia ka shkuar shum\u00eb larg, p\u00ebrmes dron\u00ebve q\u00eb m\u00eb b\u00ebnin mua incizime, sigurisht q\u00eb p\u00ebrmes dron\u00ebve incizohet i gjith\u00eb terreni, nga k\u00ebtu n\u00eb Zvic\u00ebr me komunat ku b\u00ebhet nd\u00ebrtimi, \u00ebsht\u00eb Shkumbini njeriu i par\u00eb q\u00eb komunikojn\u00eb me komun\u00ebn dhe nuk ka asnj\u00eb biznes tjet\u00ebr, sepse po flitet q\u00eb jan\u00eb milionera e ashtu\u201d, deklaroi Ahmeti.<\/p>\n<p>Gazetrai: A jan\u00eb apo nuk jan\u00eb? A jan\u00eb milioner\u00eb apo nuk jan\u00eb?<\/p>\n<p>\u201cUn\u00eb as nuk e kam pyetur Shkumbinin se sa fiton n\u00eb nj\u00eb projekt. Mund ta pyesni, ose ma mir\u00eb e din\u00eb, sepse dje, hi\u00e7 m\u00eb larg se dje, ka qen\u00eb Drejtori p\u00ebr t\u00eb Hyra Publike, kan\u00eb shpalosur gjith\u00eb dokumentacionin. \u00c7ka kan\u00eb dashur kan\u00eb mund t\u00eb marrin. Djali Shkumbini \u00ebsht\u00eb transparent, mund t\u00eb shkojn\u00eb kur t\u00eb duan, kur t\u00eb doni ju mediumet\u201d, u shpreh Ahmeti.<\/p>\n<p>Ahmeti tha se vajza Uskana \u00ebsht\u00eb e martuar p\u00ebr familje nga Gjakova dhe se e nj\u00ebjta \u00ebsht\u00eb magjist\u00ebr n\u00eb ekonomi.<\/p>\n<p>\u201cUskana \u00ebsht\u00eb magjist\u00ebr e ekonomis\u00eb, ka qen\u00eb n\u00eb proces n\u00eb Vjen\u00eb t\u00eb doktorat\u00ebs, i ka t\u00eb gjitha kategorit\u00eb t\u00eb licencuara n\u00eb universitetin e Vjen\u00ebs p\u00ebr gjuh\u00ebn gjermane. Ka punuar part-time ligj\u00ebruese e gjuh\u00ebs gjermane, jo e ekonomis\u00eb, por e gjuh\u00ebs gjermane, n\u00eb UEJL. 10 vjet i ka kryer n\u00eb Zvic\u00ebr t\u00eb shkoll\u00ebs. Dy vjet t\u00eb gjimnazit i ka kryer n\u00eb K\u00ebr\u00e7ov\u00eb. Universitetin e ka kryer n\u00eb Tetov\u00eb. Magjistratur\u00ebn dhe procesin e doktorat\u00ebs i ka n\u00eb Vjen\u00eb\u201d, theksoi Ahmeti.<\/p>\n<p>P\u00ebr djalin e tij, Shkumbinin, Ahmeti tha se ka pasur tentativa q\u00eb t\u00eb pun\u00ebsohet n\u00eb Zvic\u00ebr, mir\u00ebpo ai ka zgjedhur q\u00eb t\u00eb punoj\u00eb nga Maqedonia e Veriut, p\u00ebr kompanit\u00eb e nd\u00ebrtimit n\u00eb Zvic\u00ebr.<\/p>\n<p>\u201cShkumbini gjithashtu ka ardhur n\u00eb klas\u00eb t\u00eb 6 k\u00ebtu, ka kryer 8 vje\u00e7aren, 4 vjet gjimnazin, ka kryer p\u00ebr arkitektur\u00eb n\u00eb Universitetin e Tetov\u00ebs, praktik\u00ebn p\u00ebr arkitektur\u00eb e ka kryer n\u00eb Zvic\u00ebr, kan\u00eb b\u00ebr\u00eb p\u00ebrpjekje, kompania p\u00ebr t\u00eb cil\u00ebn ka b\u00ebr\u00eb praktik\u00ebn, q\u00eb ta ndali n\u00eb Zvic\u00ebr, me rroga t\u00eb majme. Kan\u00eb k\u00ebrkuar q\u00eb un\u00eb t\u00eb iu ndihmoj, p\u00ebrmes nj\u00eb lidhje me nj\u00eb kush\u00ebri timin q\u00eb ka nd\u00ebrmarrje n\u00eb Zvic\u00ebr, kompani nd\u00ebrtimi goxha t\u00eb madhe, u kam th\u00ebn\u00eb q\u00eb kam b\u00ebr\u00eb p\u00ebrpjekje por nuk kam mundur dhe kam filluar t\u2019i them Shkumbinit q\u00eb b\u00ebn mir\u00eb q\u00eb t\u00eb hap\u00ebsh nj\u00eb studio k\u00ebtu, dhe t\u00eb punosh p\u00ebr kompani zvicerane n\u00ebse ju jeni dakord, dhe k\u00ebshtu ka ndodhur. Secili prind do q\u00eb f\u00ebmij\u00ebt e tij t\u2019i ket\u00eb sa m\u00eb af\u00ebr, por jo me imponim, por t\u00eb jet\u00eb n\u00eb rrug\u00eb t\u00eb suksesshme dhe me bindje. Ka hapur studio, ka qen\u00eb mjaft i suksessh\u00ebm, akoma punon si arkitekt p\u00ebr kompani zvicerane, kompani nd\u00ebrtimi\u201d, theksoi Ahmeti.<\/p>\n<p><iframe loading=\"lazy\" src=\"https:\/\/www.facebook.com\/plugins\/video.php?height=314&#038;href=https%3A%2F%2Fwww.facebook.com%2Ftv21hd%2Fvideos%2F1361442027916897%2F&#038;show_text=false&#038;width=560&#038;t=0\" width=\"560\" height=\"314\" style=\"border:none;overflow:hidden\" scrolling=\"no\" frameborder=\"0\" allowfullscreen=\"true\" allow=\"autoplay; clipboard-write; encrypted-media; picture-in-picture; web-share\" allowFullScreen=\"true\"><\/iframe><\/p>\n","protected":false},"excerpt":{"rendered":"<p>Kreu i Bashkimit Demokratik p\u00ebr Integrim, Ali Ahmeti n\u00eb nj\u00eb intervist\u00eb ndryshe n\u00eb TV21 u \u00ebsht\u00eb p\u00ebrgjigjigjur akuzave t\u00eb shumta p\u00ebr veprimtarin\u00eb e f\u00ebmij\u00ebve t\u00eb<\/p>\n","protected":false},"author":14,"featured_media":16551,"comment_status":"open","ping_status":"open","sticky":false,"template":"","format":"standard","meta":{"footnotes":""},"categories":[44],"tags":[],"class_list":["post-16550","post","type-post","status-publish","format-standard","has-post-thumbnail","hentry","category-maqedoni"],"_links":{"self":[{"href":"https:\/\/indeks.bilten.mk\/index.php?rest_route=\/wp\/v2\/posts\/16550","targetHints":{"allow":["GET"]}}],"collection":[{"href":"https:\/\/indeks.bilten.mk\/index.php?rest_route=\/wp\/v2\/posts"}],"about":[{"href":"https:\/\/indeks.bilten.mk\/index.php?rest_route=\/wp\/v2\/types\/post"}],"author":[{"embeddable":true,"href":"https:\/\/indeks.bilten.mk\/index.php?rest_route=\/wp\/v2\/users\/14"}],"replies":[{"embeddable":true,"href":"https:\/\/indeks.bilten.mk\/index.php?rest_route=%2Fwp%2Fv2%2Fcomments&post=16550"}],"version-history":[{"count":0,"href":"https:\/\/indeks.bilten.mk\/index.php?rest_route=\/wp\/v2\/posts\/16550\/revisions"}],"wp:featuredmedia":[{"embeddable":true,"href":"https:\/\/indeks.bilten.mk\/index.php?rest_route=\/wp\/v2\/media\/16551"}],"wp:attachment":[{"href":"https:\/\/indeks.bilten.mk\/index.php?rest_route=%2Fwp%2Fv2%2Fmedia&parent=16550"}],"wp:term":[{"taxonomy":"category","embeddable":true,"href":"https:\/\/indeks.bilten.mk\/index.php?rest_route=%2Fwp%2Fv2%2Fcategories&post=16550"},{"taxonomy":"post_tag","embeddable":true,"href":"https:\/\/indeks.bilten.mk\/index.php?rest_route=%2Fwp%2Fv2%2Ftags&post=16550"}],"curies":[{"name":"wp","href":"https:\/\/api.w.org\/{rel}","templated":true}]}}