{"id":16553,"date":"2023-09-17T20:22:23","date_gmt":"2023-09-17T18:22:23","guid":{"rendered":"https:\/\/indeks.mk\/?p=16553"},"modified":"2023-09-17T20:22:23","modified_gmt":"2023-09-17T18:22:23","slug":"ali-ahmeti-kete-jave-dap-ka-hyre-ne-kontrolle-ne-kompanine-e-djalit-tim","status":"publish","type":"post","link":"https:\/\/indeks.bilten.mk\/?p=16553","title":{"rendered":"Ali Ahmeti: K\u00ebt\u00eb jav\u00eb DAP ka hyr\u00eb n\u00eb kontrolle n\u00eb kompanin\u00eb e djalit tim"},"content":{"rendered":"<p>Kreu i BDI-s\u00eb, Ali Ahmeti n\u00eb intervist\u00eb p\u00ebr TV21 b\u00ebri t\u00eb ditur se k\u00ebt\u00eb jav\u00eb Drejtoria p\u00ebr t\u00eb Ardhura Publike ka kontrolluar kompanin\u00eb e djalit t\u00eb tij, Shkumbin Ahmetit. Ahmeti tha se ai punon si arkitekt dhe do t\u00eb jet\u00eb transparent p\u00ebr organet por edhe p\u00ebr publikun.<\/p>\n<p>\u201cUn\u00eb as nuk e kam pyetur Shkumbinin se sa fiton n\u00eb nj\u00eb projekt. Mund ta pyesni, ose ma mir\u00eb e din\u00eb, sepse dje, hi\u00e7 m\u00eb larg se dje, ka qen\u00eb Drejtori p\u00ebr t\u00eb Hyra Publike, kan\u00eb shpalosur gjith\u00eb dokumentacionin. \u00c7ka kan\u00eb dashur kan\u00eb mund t\u00eb marrin. Djali Shkumbini \u00ebsht\u00eb transparent, mund t\u00eb shkojn\u00eb kur t\u00eb duan, kur t\u00eb doni ju mediumet\u201d, u shpreh Ahmeti.<\/p>\n<p><iframe loading=\"lazy\" src=\"https:\/\/www.facebook.com\/plugins\/video.php?height=314&#038;href=https%3A%2F%2Fwww.facebook.com%2Fwww.indeks.mk%2Fvideos%2F608502428115553%2F&#038;show_text=false&#038;width=560&#038;t=0\" width=\"560\" height=\"314\" style=\"border:none;overflow:hidden\" scrolling=\"no\" frameborder=\"0\" allowfullscreen=\"true\" allow=\"autoplay; clipboard-write; encrypted-media; picture-in-picture; web-share\" allowFullScreen=\"true\"><\/iframe><\/p>\n","protected":false},"excerpt":{"rendered":"<p>Kreu i BDI-s\u00eb, Ali Ahmeti n\u00eb intervist\u00eb p\u00ebr TV21 b\u00ebri t\u00eb ditur se k\u00ebt\u00eb jav\u00eb Drejtoria p\u00ebr t\u00eb Ardhura Publike ka kontrolluar kompanin\u00eb e djalit<\/p>\n","protected":false},"author":14,"featured_media":16554,"comment_status":"open","ping_status":"open","sticky":false,"template":"","format":"standard","meta":{"footnotes":""},"categories":[44],"tags":[],"class_list":["post-16553","post","type-post","status-publish","format-standard","has-post-thumbnail","hentry","category-maqedoni"],"_links":{"self":[{"href":"https:\/\/indeks.bilten.mk\/index.php?rest_route=\/wp\/v2\/posts\/16553","targetHints":{"allow":["GET"]}}],"collection":[{"href":"https:\/\/indeks.bilten.mk\/index.php?rest_route=\/wp\/v2\/posts"}],"about":[{"href":"https:\/\/indeks.bilten.mk\/index.php?rest_route=\/wp\/v2\/types\/post"}],"author":[{"embeddable":true,"href":"https:\/\/indeks.bilten.mk\/index.php?rest_route=\/wp\/v2\/users\/14"}],"replies":[{"embeddable":true,"href":"https:\/\/indeks.bilten.mk\/index.php?rest_route=%2Fwp%2Fv2%2Fcomments&post=16553"}],"version-history":[{"count":0,"href":"https:\/\/indeks.bilten.mk\/index.php?rest_route=\/wp\/v2\/posts\/16553\/revisions"}],"wp:featuredmedia":[{"embeddable":true,"href":"https:\/\/indeks.bilten.mk\/index.php?rest_route=\/wp\/v2\/media\/16554"}],"wp:attachment":[{"href":"https:\/\/indeks.bilten.mk\/index.php?rest_route=%2Fwp%2Fv2%2Fmedia&parent=16553"}],"wp:term":[{"taxonomy":"category","embeddable":true,"href":"https:\/\/indeks.bilten.mk\/index.php?rest_route=%2Fwp%2Fv2%2Fcategories&post=16553"},{"taxonomy":"post_tag","embeddable":true,"href":"https:\/\/indeks.bilten.mk\/index.php?rest_route=%2Fwp%2Fv2%2Ftags&post=16553"}],"curies":[{"name":"wp","href":"https:\/\/api.w.org\/{rel}","templated":true}]}}