{"id":16556,"date":"2023-09-17T20:27:45","date_gmt":"2023-09-17T18:27:45","guid":{"rendered":"https:\/\/indeks.mk\/?p=16556"},"modified":"2023-09-17T20:27:45","modified_gmt":"2023-09-17T18:27:45","slug":"kabllo-i-famshem-ne-orematesin-e-rrymes-elektrike-ali-ahmeti-flet-per-here-te-pare-per-akuzat-e-opozites-maqedonase","status":"publish","type":"post","link":"https:\/\/indeks.bilten.mk\/?p=16556","title":{"rendered":"\u201cKabllo i famsh\u00ebm\u201d n\u00eb or\u00ebmat\u00ebsin e rrym\u00ebs elektrike, Ali Ahmeti flet p\u00ebr her\u00eb t\u00eb par\u00eb p\u00ebr akuzat e opozit\u00ebs maqedonase"},"content":{"rendered":"<p>Ali Ahmeti gjat\u00eb bised\u00ebs me gazetar\u00ebt e TV21 n\u00eb sht\u00ebpin\u00eb e tij, \u00ebsht\u00eb ndalur edhe n\u00eb k\u00ebndin e shum\u00eb komentuar koh\u00eb m\u00eb par\u00eb ku shihej kabllo e zgjatur n\u00eb mat\u00ebsin e rrym\u00ebs elektrike.<\/p>\n<p>Tha se \u00ebsht\u00eb instaluar i nj\u00ebjti nga EVN-ja dhe ashtu e ka mbajtur.<\/p>\n<p>\u201cKjo \u00ebsht\u00eb q\u00eb \u00ebsht\u00eb instaluar nga EVN-ja. Edhe kabllon e ka vendosur EVN-ja. Kontrollori \u00ebsht\u00eb i rregullt\u201d.<\/p>\n<p>Ka folur edhe p\u00ebr sht\u00ebpin\u00eb e tij, e cila si\u00e7 tha \u00ebsht\u00eb nd\u00ebrtuar n\u00eb vitin 2003, k\u00ebshtu duke hedhur posht\u00eb akuzat se pasurin\u00eb e patundshme n\u00eb Zajaz t\u00eb K\u00ebr\u00e7ov\u00ebs e ka arritur n\u00eb saj\u00eb t\u00eb politik\u00ebs.<\/p>\n<p>\u201cShqiptar\u00ebt e u b\u00ebn\u00eb t\u00eb zot n\u00eb sht\u00ebpin\u00eb e vet, ka edhe shum\u00eb pun\u00eb p\u00ebr t\u2019u b\u00ebr\u00eb, por ajo e r\u00ebnd\u00ebsishmja \u00ebsht\u00eb arritur\u201d, tha m\u00eb tej Ahmeti.\/TV21<\/p>\n<p><iframe loading=\"lazy\" src=\"https:\/\/www.facebook.com\/plugins\/video.php?height=314&#038;href=https%3A%2F%2Fwww.facebook.com%2Fwww.indeks.mk%2Fvideos%2F608502428115553%2F&#038;show_text=false&#038;width=560&#038;t=0\" width=\"560\" height=\"314\" style=\"border:none;overflow:hidden\" scrolling=\"no\" frameborder=\"0\" allowfullscreen=\"true\" allow=\"autoplay; clipboard-write; encrypted-media; picture-in-picture; web-share\" allowFullScreen=\"true\"><\/iframe><\/p>\n","protected":false},"excerpt":{"rendered":"<p>Ali Ahmeti gjat\u00eb bised\u00ebs me gazetar\u00ebt e TV21 n\u00eb sht\u00ebpin\u00eb e tij, \u00ebsht\u00eb ndalur edhe n\u00eb k\u00ebndin e shum\u00eb komentuar koh\u00eb m\u00eb par\u00eb ku shihej<\/p>\n","protected":false},"author":14,"featured_media":16558,"comment_status":"open","ping_status":"open","sticky":false,"template":"","format":"standard","meta":{"footnotes":""},"categories":[44],"tags":[],"class_list":["post-16556","post","type-post","status-publish","format-standard","has-post-thumbnail","hentry","category-maqedoni"],"_links":{"self":[{"href":"https:\/\/indeks.bilten.mk\/index.php?rest_route=\/wp\/v2\/posts\/16556","targetHints":{"allow":["GET"]}}],"collection":[{"href":"https:\/\/indeks.bilten.mk\/index.php?rest_route=\/wp\/v2\/posts"}],"about":[{"href":"https:\/\/indeks.bilten.mk\/index.php?rest_route=\/wp\/v2\/types\/post"}],"author":[{"embeddable":true,"href":"https:\/\/indeks.bilten.mk\/index.php?rest_route=\/wp\/v2\/users\/14"}],"replies":[{"embeddable":true,"href":"https:\/\/indeks.bilten.mk\/index.php?rest_route=%2Fwp%2Fv2%2Fcomments&post=16556"}],"version-history":[{"count":0,"href":"https:\/\/indeks.bilten.mk\/index.php?rest_route=\/wp\/v2\/posts\/16556\/revisions"}],"wp:featuredmedia":[{"embeddable":true,"href":"https:\/\/indeks.bilten.mk\/index.php?rest_route=\/wp\/v2\/media\/16558"}],"wp:attachment":[{"href":"https:\/\/indeks.bilten.mk\/index.php?rest_route=%2Fwp%2Fv2%2Fmedia&parent=16556"}],"wp:term":[{"taxonomy":"category","embeddable":true,"href":"https:\/\/indeks.bilten.mk\/index.php?rest_route=%2Fwp%2Fv2%2Fcategories&post=16556"},{"taxonomy":"post_tag","embeddable":true,"href":"https:\/\/indeks.bilten.mk\/index.php?rest_route=%2Fwp%2Fv2%2Ftags&post=16556"}],"curies":[{"name":"wp","href":"https:\/\/api.w.org\/{rel}","templated":true}]}}