{"id":16560,"date":"2023-09-17T20:37:38","date_gmt":"2023-09-17T18:37:38","guid":{"rendered":"https:\/\/indeks.mk\/?p=16560"},"modified":"2023-09-17T20:37:38","modified_gmt":"2023-09-17T18:37:38","slug":"ahmeti-smund-te-ia-ndaloje-veprimtarine-familjes-sime-a-ti-beje-ministra-e-funksionare","status":"publish","type":"post","link":"https:\/\/indeks.bilten.mk\/?p=16560","title":{"rendered":"Ahmeti: S\u2019mund t\u00eb ia ndaloj\u00eb veprimtarin\u00eb familjes sime! A t\u2019i b\u00ebj\u00eb ministra e funksionar\u00eb?"},"content":{"rendered":"<p>Me automatiz\u00ebm iu shkaktua problem Drinit, e gjith\u00eb kjo zhurm\u00eb q\u00eb u b\u00eb, kryetari i BDI-s\u00eb, Ali Ahmeti n\u00eb intervist\u00eb p\u00ebr TV21 ka komentuar edhe rastin \u201cSoravia\u201d. Ahmeti tha se nipi i tij pas mbarimit t\u00eb universitetit, e ka kontaktuar p\u00ebr ta pyetur n\u00ebse mund t\u00eb vazhdoj\u00eb veprimtarin\u00eb n\u00eb biznes, p\u00ebr \u00e7ka Ahmeti thot\u00eb se ende nuk dihet n\u00ebse do t\u00eb ket\u00eb sukses, pasi i gjith\u00eb aktiviteti b\u00ebhet p\u00ebrmes kredive, q\u00eb sipas Ahmetit, nipi i tij nuk po arrin ta marr\u00eb pas \u201czhurm\u00ebs\u201d n\u00eb opinion.<\/p>\n<p>\u201cUn\u00eb nuk e di tani si ka vazhduar Drini me t\u00eb gjith\u00eb ata bashk\u00eb bashke investitor\u00eb q\u00eb jan\u00eb. A do t\u00eb ken\u00eb sukses apo nuk do t\u00eb ken\u00eb, por pa kredi, sepse Drini nuk ka mjete t\u00eb gatshme, i t\u00ebr\u00eb qarkullimi dihet n\u00ebp\u00ebr banka n\u00ebp\u00ebr kompani. Kompania e v\u00ebllait, Ferkiut, ajo nuk mund t\u00eb investoj\u00eb dhe t\u00eb merr p\u00ebrsip\u00ebr t\u00eb b\u00ebj\u00eb ball\u00eb\u201d, theksoi Ahmeti.<\/p>\n<p>Ahmeti tha se personalisht asnj\u00ebher\u00eb nuk ka dashur q\u00eb pjes\u00ebtar\u00eb t\u00eb familjes s\u00eb tij t\u00eb b\u00ebhen pjes\u00eb e politik\u00ebs dhe se si rrjedhoj\u00eb nuk mund t\u00eb ua ndaloj\u00eb aktivitetet tjera n\u00eb profesionet e tyre.<\/p>\n<p>\u201cNe Gestapo nuk mund t\u00eb b\u00ebhemi, t\u2019i marrim t\u2019i burgosim. Un\u00eb nuk mund t\u00eb ia ndaloj\u00eb as Drinit, as Shkumbinit, as Kushtrimit, q\u00eb k\u00ebta t\u00eb mos aktivizohen\u2026ose un\u00eb duhet t\u2019i b\u00ebj\u00eb ministra. \u00c7far\u00eb do t\u00eb thoni n\u00ebse un\u00eb i b\u00ebj ministra. \u00c7far\u00eb do t\u00eb thoni n\u00ebse i b\u00ebj\u00eb drejtor\u00eb, n\u00ebse i b\u00ebj\u00eb funksionar\u00eb, ju thoni nepotiz\u00ebm, t\u00eb tjer\u00ebt do t\u00eb thon\u00eb ja nuk na mund\u00ebson neve, ua mund\u00ebson t\u00eb af\u00ebrmve. Kam ra n\u00eb hall si th\u00ebnie e mo\u00e7me \u201chip se t\u00eb vrava, zbrit se t\u00eb vrava\u201d. P\u00ebr mua \u00ebsht\u00eb e r\u00ebnd\u00ebsishme t\u00eb respektohen ligjet, mos t\u00eb shfryt\u00ebzohen parat\u00eb e shtetit, n\u00ebse v\u00ebrtetohet se parat\u00eb e shtetit jan\u00eb t\u00eb shfryt\u00ebzuara p\u00ebr biznese private, \u00ebsht\u00eb shkelje morali\u201d, theksoi Ahmeti.<\/p>\n","protected":false},"excerpt":{"rendered":"<p>Me automatiz\u00ebm iu shkaktua problem Drinit, e gjith\u00eb kjo zhurm\u00eb q\u00eb u b\u00eb, kryetari i BDI-s\u00eb, Ali Ahmeti n\u00eb intervist\u00eb p\u00ebr TV21 ka komentuar edhe<\/p>\n","protected":false},"author":14,"featured_media":16557,"comment_status":"open","ping_status":"open","sticky":false,"template":"","format":"standard","meta":{"footnotes":""},"categories":[44],"tags":[],"class_list":["post-16560","post","type-post","status-publish","format-standard","has-post-thumbnail","hentry","category-maqedoni"],"_links":{"self":[{"href":"https:\/\/indeks.bilten.mk\/index.php?rest_route=\/wp\/v2\/posts\/16560","targetHints":{"allow":["GET"]}}],"collection":[{"href":"https:\/\/indeks.bilten.mk\/index.php?rest_route=\/wp\/v2\/posts"}],"about":[{"href":"https:\/\/indeks.bilten.mk\/index.php?rest_route=\/wp\/v2\/types\/post"}],"author":[{"embeddable":true,"href":"https:\/\/indeks.bilten.mk\/index.php?rest_route=\/wp\/v2\/users\/14"}],"replies":[{"embeddable":true,"href":"https:\/\/indeks.bilten.mk\/index.php?rest_route=%2Fwp%2Fv2%2Fcomments&post=16560"}],"version-history":[{"count":0,"href":"https:\/\/indeks.bilten.mk\/index.php?rest_route=\/wp\/v2\/posts\/16560\/revisions"}],"wp:featuredmedia":[{"embeddable":true,"href":"https:\/\/indeks.bilten.mk\/index.php?rest_route=\/wp\/v2\/media\/16557"}],"wp:attachment":[{"href":"https:\/\/indeks.bilten.mk\/index.php?rest_route=%2Fwp%2Fv2%2Fmedia&parent=16560"}],"wp:term":[{"taxonomy":"category","embeddable":true,"href":"https:\/\/indeks.bilten.mk\/index.php?rest_route=%2Fwp%2Fv2%2Fcategories&post=16560"},{"taxonomy":"post_tag","embeddable":true,"href":"https:\/\/indeks.bilten.mk\/index.php?rest_route=%2Fwp%2Fv2%2Ftags&post=16560"}],"curies":[{"name":"wp","href":"https:\/\/api.w.org\/{rel}","templated":true}]}}