{"id":16563,"date":"2023-09-17T20:42:34","date_gmt":"2023-09-17T18:42:34","guid":{"rendered":"https:\/\/indeks.mk\/?p=16563"},"modified":"2023-09-17T20:42:52","modified_gmt":"2023-09-17T18:42:52","slug":"ali-ahmeti-as-une-as-bdi-e-as-familjaret-e-mi-asnjeri-sjemi-mbi-ligjin","status":"publish","type":"post","link":"https:\/\/indeks.bilten.mk\/?p=16563","title":{"rendered":"Ali Ahmeti: As un\u00eb, as BDI, e as familjar\u00ebt e mi, asnj\u00ebri s\u2019jemi mbi ligjin!"},"content":{"rendered":"<p>Kryetari i Bashkimit Demokratik p\u00ebr Integrim, Ali Ahmeti n\u00eb nj\u00eb intervist\u00eb format ndryshe dh\u00ebn\u00eb p\u00ebr televizionin 21, deklaroi se asnj\u00ebher\u00eb nuk ka marr\u00eb n\u00eb mbrojtje ask\u00ebnd q\u00eb vepron n\u00eb kund\u00ebrshtim me ligjin. <\/p>\n<p>\u201cU aktualizuan ca \u00e7\u00ebshtje si puna me \u201cSoravian\u201d ku u b\u00eb nj\u00eb zhurme e panevojshme, sepse nipi im \u00ebsht\u00eb i shkolluar n\u00eb kolegj amerikan, \u00ebsht\u00eb profesional n\u00eb pun\u00ebn q\u00eb b\u00ebn dhe kjo do t\u00eb thot\u00eb q\u00eb ai po edhe f\u00ebmijet e tjer\u00eb duhet t\u00eb punojn\u00eb n\u00eb profesionet e tyre, e jo t\u00eb rrin\u00eb n\u00ebn hijen time, n\u00ebn emrin tim n\u00eb politik\u00eb. Edhe sikur t\u00eb b\u00ebheshin pjes\u00eb t\u00eb polotik\u00ebs, do t\u00eb diskutohej se p\u00ebrse u b\u00ebn\u00eb pjes\u00eb n\u00eb politik\u00eb, edhe tani kur po punojn\u00eb privatisht prap po sulmohen, sepse \u00e7do gj\u00eb po b\u00ebh\u00ebt p\u00ebr t\u00eb sulmuar BDI-n\u00eb vend e pavend. Un\u00eb nuk e mbroj askend q\u00eb vepron n\u00eb kund\u00ebrshtim me ligjin, as familjar\u00ebt e mi, sepse un\u00eb e kam parim q\u00eb keqperdorime shtet\u00ebror\u00eb nuk lejohen, keqp\u00ebrdorimi i paras\u00eb publike nuk lejohet sepse ne kemi nd\u00ebrgjegje dhe nuk mund t\u00eb veprojm\u00eb n\u00eb nj\u00eb m\u00ebnyr\u00eb t\u00eb till\u00eb t\u00eb ul\u00ebt\u201d, deklaroi Ahmeti. <\/p>\n","protected":false},"excerpt":{"rendered":"<p>Kryetari i Bashkimit Demokratik p\u00ebr Integrim, Ali Ahmeti n\u00eb nj\u00eb intervist\u00eb format ndryshe dh\u00ebn\u00eb p\u00ebr televizionin 21, deklaroi se asnj\u00ebher\u00eb nuk ka marr\u00eb n\u00eb mbrojtje<\/p>\n","protected":false},"author":14,"featured_media":16554,"comment_status":"open","ping_status":"open","sticky":false,"template":"","format":"standard","meta":{"footnotes":""},"categories":[44],"tags":[],"class_list":["post-16563","post","type-post","status-publish","format-standard","has-post-thumbnail","hentry","category-maqedoni"],"_links":{"self":[{"href":"https:\/\/indeks.bilten.mk\/index.php?rest_route=\/wp\/v2\/posts\/16563","targetHints":{"allow":["GET"]}}],"collection":[{"href":"https:\/\/indeks.bilten.mk\/index.php?rest_route=\/wp\/v2\/posts"}],"about":[{"href":"https:\/\/indeks.bilten.mk\/index.php?rest_route=\/wp\/v2\/types\/post"}],"author":[{"embeddable":true,"href":"https:\/\/indeks.bilten.mk\/index.php?rest_route=\/wp\/v2\/users\/14"}],"replies":[{"embeddable":true,"href":"https:\/\/indeks.bilten.mk\/index.php?rest_route=%2Fwp%2Fv2%2Fcomments&post=16563"}],"version-history":[{"count":0,"href":"https:\/\/indeks.bilten.mk\/index.php?rest_route=\/wp\/v2\/posts\/16563\/revisions"}],"wp:featuredmedia":[{"embeddable":true,"href":"https:\/\/indeks.bilten.mk\/index.php?rest_route=\/wp\/v2\/media\/16554"}],"wp:attachment":[{"href":"https:\/\/indeks.bilten.mk\/index.php?rest_route=%2Fwp%2Fv2%2Fmedia&parent=16563"}],"wp:term":[{"taxonomy":"category","embeddable":true,"href":"https:\/\/indeks.bilten.mk\/index.php?rest_route=%2Fwp%2Fv2%2Fcategories&post=16563"},{"taxonomy":"post_tag","embeddable":true,"href":"https:\/\/indeks.bilten.mk\/index.php?rest_route=%2Fwp%2Fv2%2Ftags&post=16563"}],"curies":[{"name":"wp","href":"https:\/\/api.w.org\/{rel}","templated":true}]}}