{"id":16568,"date":"2023-09-17T20:49:00","date_gmt":"2023-09-17T18:49:00","guid":{"rendered":"https:\/\/indeks.mk\/?p=16568"},"modified":"2023-09-17T20:49:00","modified_gmt":"2023-09-17T18:49:00","slug":"ahmeti-ndryshimet-ne-kodin-penal-sigurojne-shtet-dhe-gjyqesor-funksional-jo-amnisti-ndaj-keqperdoruesve","status":"publish","type":"post","link":"https:\/\/indeks.bilten.mk\/?p=16568","title":{"rendered":"Ahmeti: Ndryshimet n\u00eb Kodin Penal sigurojn\u00eb shtet dhe gjyq\u00ebsor funksional, jo amnisti ndaj keqp\u00ebrdoruesve"},"content":{"rendered":"<p>Lideri i BDI-s\u00eb, Ali Ahmeti siguron publikun se ndryshimet e Kodit Penal nuk parashohin amnisti t\u00eb kriminel\u00ebve, por sigurojn\u00eb shtet dhe gjyq\u00ebsor funksional, transmeton TV21.<\/p>\n<p>Ai tha se \u201cderisa do ta drejtoj\u00eb Bashkimin Demokratik p\u00ebr Integrim, mbrojtje dhe amnisti nuk merr askush n\u00ebse nuk e ka respektuar Ligjin dhe normat njer\u00ebzore\u201d.<\/p>\n<p>\u201cKodi Penal nuk \u00ebsht\u00eb amnisti. Amnistia ka karakter tjet\u00ebr dhe Kodi Penal, ndryshimet q\u00eb jan\u00eb b\u00ebr\u00eb n\u00eb Kodin Penal \u00ebsht\u00eb t\u00ebr\u00ebsisht \u00e7\u00ebshtje tjet\u00ebr. Kodi Penal t\u00eb cilin ne e kemi, \u00ebsht\u00eb fosile e mbetur nga regjimi jugosllav, p\u00ebr t\u00eb zgjatur hetimet, p\u00ebr t\u00eb mbajtur njer\u00ebzit n\u00ebn hetime p\u00ebr nga 6, 8 vjet. I gjith\u00eb ndryshimi i Kodit Penal \u00ebsht\u00eb b\u00ebr\u00eb p\u00ebr t\u00eb pasur nj\u00eb shtet funksional dhe nj\u00eb gjyq\u00ebsi funksionale, dhe jo ta mbash njeriun 6 vjet n\u00ebn hetime dhe tani ta l\u00ebshosh t\u00eb pafajsh\u00ebm\u2026 Ne i kemi analizuar t\u00eb gjitha shtetet se si i kan\u00eb normat dhe kodet. Kodin q\u00eb e kemi ne, nuk e ka asnj\u00eb vend i BE-s\u00eb. Asnj\u00eb vend i Bashkimit Evropian dhe nuk \u00ebsht\u00eb vendosur rast\u00ebsisht me yll t\u00eb Evrop\u00ebs\u201d, tha Ahmeti.<\/p>\n<p>Zbuloi se p\u00ebr k\u00ebto ndryshime jan\u00eb b\u00ebr\u00eb me dhjet\u00ebra takime mes tij, ish kryeministrave Zoran Zaev dhe Nikolla Gruevski, nd\u00ebrkaq shprehet i befasuar se pse n\u00eb fund u t\u00ebrhoq VMRO-DPMNE-ja e Hristijan Mickoskit.<\/p>\n<p>\u201c\u00cbsht\u00eb nj\u00eb epilog shum\u00eb interesant. Fillimisht nuk u pajtua Zoran Zaevi, dhe tani kur u arrit dakord\u00ebsia me LSDM-n\u00eb, u t\u00ebrhoq VMRO-ja, u t\u00ebrhoq Hristijan Mickoski nga ndryshimet e Kodit Penal dhe kjo ishte befasi e madhe. Jan\u00eb b\u00ebr\u00eb dhjet\u00ebra takime n\u00eb Klubin e Deputet\u00ebve p\u00ebr k\u00ebt\u00eb Kod, p\u00ebr ta ndryshuar dhe p\u00ebr ta p\u00ebrafruar me standardet evropiane. N\u00eb ato takime ka pasur grupe t\u00eb pun\u00ebs. Takimet jan\u00eb b\u00ebr\u00eb n\u00eb fsheht\u00ebsin\u00eb m\u00eb t\u00eb madhe mes Zoran Zaevit, Nikolla Gruevskit dhe un\u00eb. Erdh\u00ebm deri te momenti kur u dakorduam t\u00eb gjith\u00eb dhe n\u00eb fund u t\u00ebrhoq VMRO-ja\u201d, tha m\u00eb tej Ahmeti n\u00eb nj\u00eb intervist\u00eb ndryshe n\u00eb TV21.<\/p>\n","protected":false},"excerpt":{"rendered":"<p>Lideri i BDI-s\u00eb, Ali Ahmeti siguron publikun se ndryshimet e Kodit Penal nuk parashohin amnisti t\u00eb kriminel\u00ebve, por sigurojn\u00eb shtet dhe gjyq\u00ebsor funksional, transmeton TV21.<\/p>\n","protected":false},"author":14,"featured_media":16569,"comment_status":"open","ping_status":"open","sticky":false,"template":"","format":"standard","meta":{"footnotes":""},"categories":[44],"tags":[],"class_list":["post-16568","post","type-post","status-publish","format-standard","has-post-thumbnail","hentry","category-maqedoni"],"_links":{"self":[{"href":"https:\/\/indeks.bilten.mk\/index.php?rest_route=\/wp\/v2\/posts\/16568","targetHints":{"allow":["GET"]}}],"collection":[{"href":"https:\/\/indeks.bilten.mk\/index.php?rest_route=\/wp\/v2\/posts"}],"about":[{"href":"https:\/\/indeks.bilten.mk\/index.php?rest_route=\/wp\/v2\/types\/post"}],"author":[{"embeddable":true,"href":"https:\/\/indeks.bilten.mk\/index.php?rest_route=\/wp\/v2\/users\/14"}],"replies":[{"embeddable":true,"href":"https:\/\/indeks.bilten.mk\/index.php?rest_route=%2Fwp%2Fv2%2Fcomments&post=16568"}],"version-history":[{"count":0,"href":"https:\/\/indeks.bilten.mk\/index.php?rest_route=\/wp\/v2\/posts\/16568\/revisions"}],"wp:featuredmedia":[{"embeddable":true,"href":"https:\/\/indeks.bilten.mk\/index.php?rest_route=\/wp\/v2\/media\/16569"}],"wp:attachment":[{"href":"https:\/\/indeks.bilten.mk\/index.php?rest_route=%2Fwp%2Fv2%2Fmedia&parent=16568"}],"wp:term":[{"taxonomy":"category","embeddable":true,"href":"https:\/\/indeks.bilten.mk\/index.php?rest_route=%2Fwp%2Fv2%2Fcategories&post=16568"},{"taxonomy":"post_tag","embeddable":true,"href":"https:\/\/indeks.bilten.mk\/index.php?rest_route=%2Fwp%2Fv2%2Ftags&post=16568"}],"curies":[{"name":"wp","href":"https:\/\/api.w.org\/{rel}","templated":true}]}}